{"id":35798,"date":"2026-09-01T05:44:09","date_gmt":"2026-09-01T08:44:09","guid":{"rendered":"https:\/\/www.diariodebordo.net\/?p=35798"},"modified":"2026-09-01T05:44:09","modified_gmt":"2026-09-01T08:44:09","slug":"salton-lanca-espumante-que-abre-colecao-comemorativa-rumo-aos-120-anos","status":"publish","type":"post","link":"https:\/\/www.diariodebordo.net\/?p=35798","title":{"rendered":"Salton lan\u00e7a espumante que abre cole\u00e7\u00e3o comemorativa rumo aos 120 anos"},"content":{"rendered":"<p><i>O Salton 116 Anos inaugura a Cole\u00e7\u00e3o Efervesc\u00eancia Brasileira, que acompanhar\u00e1 a trajet\u00f3ria da vin\u00edcola at\u00e9 2030<\/i><\/p>\n<div><center><img loading=\"lazy\" decoding=\"async\" src=\"https:\/\/ci3.googleusercontent.com\/meips\/ADKq_NY4PtMZtwK8Ygn3qG1qLCUPcwzlLTRw710PDTkcnN1ft7BxYC3VlsG8Bzi7iNSeCAAHfoVRv-jN2Un1RmY_t26ymVhQXVLlgcpEx3hNlVYIH79i6Xf1vWUYJil6r_6YFlJO_6h2klJ6cvCPM2gqKBmCGFgKOHY6IDuk-lPY_g0-I701al2HoNESbz4eWyyVflHbGWC4koNLj9am_XYq=s0-d-e1-ft#https:\/\/files.pressmanager.net\/clientes\/1d5144f69c4133e1c98a1c46a09cdeac\/imagens\/2026\/08\/26\/6d6c9a7edbbcce712322b77b2d79591b_medium.jpg\" alt=\"\" width=\"300\" height=\"200\" \/><\/p>\n<p><\/center>A Salton completa 116 anos com um lan\u00e7amento que vai al\u00e9m da celebra\u00e7\u00e3o: a vin\u00edcola apresenta o espumante Salton 116 Anos, primeiro r\u00f3tulo da\u00a0<strong>Cole\u00e7\u00e3o Efervesc\u00eancia Brasileira<\/strong>, uma s\u00e9rie de cinco espumantes exclusivos que ser\u00e3o lan\u00e7ados anualmente at\u00e9 2030. A novidade acompanhar\u00e1 a trajet\u00f3ria da vin\u00edcola mais antiga em atividade no Brasil rumo aos 120 anos. A cada edi\u00e7\u00e3o, um valor essencial da empresa ser\u00e1 traduzido em um espumante \u00fanico, conectando hist\u00f3ria, excel\u00eancia enol\u00f3gica e identidade de marca.<\/p>\n<p>O primeiro cap\u00edtulo \u00e9 dedicado \u00e0\u00a0<strong>Fam\u00edlia<\/strong>, o valor que est\u00e1 na origem da companhia. Elaborado em apenas 1.116 garrafas numeradas, o Salton 116 Anos chega acompanhado de uma tag que conta o Ato I dessa hist\u00f3ria: a efervesc\u00eancia que nasce dos la\u00e7os que atravessam gera\u00e7\u00f5es. O novo espumante \u00e9, portanto, o ponto de partida de uma narrativa que se estender\u00e1 pelos pr\u00f3ximos anos.<\/p>\n<p><strong><img loading=\"lazy\" decoding=\"async\" src=\"https:\/\/ci3.googleusercontent.com\/meips\/ADKq_NYmM3mZ78T6Hs7apu2hHettk0AcNXqRow4oN1KCBRz-46yZjy8NDjP9uBBR-yvU9Dv8DbnJR-Q3-9vf6s-VMTbEW89rA9waLsZ3TkAdzgXUouZTvV7ZoeewldqLLpTCGqk7LrSwsZbx9KI5Vf3Sv0WaC-Avpe4oo1Q2re_f1xg751gMZojP0NFiwZEz5cPDI7B195W_l4JNzdQWo2eE=s0-d-e1-ft#https:\/\/files.pressmanager.net\/clientes\/1d5144f69c4133e1c98a1c46a09cdeac\/imagens\/2026\/08\/26\/64338963adb7292e50f9b26c356316ef_medium.jpg\" alt=\"\" width=\"300\" height=\"200\" align=\"left\" hspace=\"10\" vspace=\"10\" \/>\u00a0<\/strong><\/p>\n<p><strong>O espumante do Ato I<\/strong><\/p>\n<p>O Salton 116 Anos \u00e9 um espumante Pinot Noir Brut Ros\u00e9, elaborado pelo m\u00e9todo tradicional com uvas 100% Pinot Noir cuidadosamente selecionadas nos vinhedos da Campanha Ga\u00facha e submetido a 45 meses de matura\u00e7\u00e3o sobre as leveduras.<\/p>\n<p>Na ta\u00e7a, revela delicada colora\u00e7\u00e3o ros\u00e9 claro com abundante desprendimento de finas borbulhas. No nariz, apresenta aromas de frutas maduras, como p\u00eassego, ma\u00e7\u00e3 e morango, al\u00e9m de frutos secos, como nozes e am\u00eandoas, e notas de mel e levedura. No paladar, revela eleg\u00e2ncia, cremosidade, acidez vibrante e longa persist\u00eancia. Harmoniza bem com canap\u00e9s, peixes, frutos do mar, massas e risotos leves.<\/p>\n<p>O diretor t\u00e9cnico e en\u00f3logo Greg\u00f3rio Salton destaca o papel do terroir no resultado do espumante:\u00a0<em>\u201cA Campanha Ga\u00facha tem uma voca\u00e7\u00e3o natural para a elabora\u00e7\u00e3o de grandes espumantes. O clima, o solo e a amplitude t\u00e9rmica criam condi\u00e7\u00f5es \u00fanicas para o desenvolvimento de uvas com a estrutura e a personalidade que um espumante de alta qualidade exige. A cole\u00e7\u00e3o Efervesc\u00eancia Brasileira \u00e9 mais um passo de uma vin\u00edcola que, gera\u00e7\u00e3o ap\u00f3s gera\u00e7\u00e3o, escolheu transformar legado em inova\u00e7\u00e3o\u201d<\/em>, destaca.<\/p>\n<p>O Salton 116 Anos est\u00e1 dispon\u00edvel para venda na\u00a0<a href=\"http:\/\/www.lojasalton.com.br\/products\/espumante-salton-116-anos-brut-rose-750-ml\" target=\"_blank\" rel=\"noopener noreferrer\" data-saferedirecturl=\"https:\/\/www.google.com\/url?q=http:\/\/www.lojasalton.com.br\/products\/espumante-salton-116-anos-brut-rose-750-ml&amp;source=gmail&amp;ust=1787876747493000&amp;usg=AOvVaw0vdnP2g3jthXtpAlW2prTS\">Loja Virtual da Salton<\/a>.<\/p>\n<p><strong>\u00a0<\/strong><\/p>\n<p><strong>Sobre a Salton<\/strong><\/p>\n<p>Fundada em 1910, a Salton \u00e9 a vin\u00edcola mais antiga em atividade no Brasil e l\u00edder nacional no mercado de espumantes h\u00e1 mais de duas d\u00e9cadas. A marca alia tradi\u00e7\u00e3o familiar, inova\u00e7\u00e3o tecnol\u00f3gica e compromisso com a sustentabilidade. Presente em mais de 30 mercados internacionais, \u00e9 a maior exportadora de espumantes do Brasil e refer\u00eancia em enoturismo na Serra Ga\u00facha. Suas opera\u00e7\u00f5es s\u00e3o divididas em quatro unidades de neg\u00f3cio: no RS, a Vin\u00edcola Salton, em Bento Gon\u00e7alves e a Azienda Domenico, em Santana do Livramento; e, em SP, o Complexo Presidente, em Jarinu e a Loja Salton, em S\u00e3o Paulo.<\/p>\n<p>&nbsp;<\/p>\n<p><strong>Informa\u00e7\u00f5es para a imprensa:<\/strong><\/p>\n<p><strong>Regional &#8211; Sul\u00a0<\/strong><\/p>\n<p>Assessoria de Imprensa<\/p>\n<p>Apura Conte\u00fado<\/p>\n<p>Ana Demoliner | Camila Baggio | Raquel Fronza<\/p>\n<p><a href=\"mailto:raquel.fronza@gmail.com\" target=\"_blank\" rel=\"noopener noreferrer\">raquel.fronza@gmail.com<\/a>\u00a0| (54) 98125.2898<\/p>\n<p><a href=\"mailto:anamdemoliner@gmail.com\" target=\"_blank\" rel=\"noopener noreferrer\">anamdemoliner@gmail.com<\/a>\u00a0| (54) 99904.7520<\/p>\n<p><a href=\"mailto:baggio.cami@gmail.com\" target=\"_blank\" rel=\"noopener noreferrer\">baggio.cami@gmail.com<\/a>\u00a0l (54) 99158.5139<\/p>\n<p><a href=\"http:\/\/www.apuraconteudo.com.br\/\" target=\"_blank\" rel=\"noopener noreferrer\" data-saferedirecturl=\"https:\/\/www.google.com\/url?q=http:\/\/www.apuraconteudo.com.br&amp;source=gmail&amp;ust=1787876747493000&amp;usg=AOvVaw15ckHq5Tpkf4vtxYBlPVBy\">www.apuraconteudo.com.br<\/a><\/p>\n<p>&nbsp;<\/p>\n<p><strong>Regional &#8211; Sudeste e Centro Oeste<\/strong><\/p>\n<p>Assessoria de Imprensa<\/p>\n<p>Orantes.C Assessoria de Comunica\u00e7\u00e3o<\/p>\n<p>Carol Orantes | Camila Orantes\u00a0 | Nathalia Gombrade<\/p>\n<p><a href=\"mailto:carol@orantesc.com\" target=\"_blank\" rel=\"noopener noreferrer\">carol@orantesc.com<\/a>\u00a0| (11) 99632.7879<\/p>\n<p><a href=\"mailto:contato@orantesc.com\" target=\"_blank\" rel=\"noopener noreferrer\">contato@orantesc.com<\/a>\u00a0| (11) 99632.7879<\/p>\n<p>@orantescassessoria<\/p>\n<p><a href=\"http:\/\/www.orantesc.com\/\" target=\"_blank\" rel=\"noopener noreferrer\" data-saferedirecturl=\"https:\/\/www.google.com\/url?q=http:\/\/www.orantesc.com&amp;source=gmail&amp;ust=1787876747494000&amp;usg=AOvVaw0Mv2ZpvwlEvIgNZ1kbGZJ3\">www.orantesc.com<\/a><\/p>\n<\/div>\n","protected":false},"excerpt":{"rendered":"<p>O Salton 116 Anos inaugura a Cole\u00e7\u00e3o Efervesc\u00eancia Brasileira, que acompanhar\u00e1 a trajet\u00f3ria da vin\u00edcola at\u00e9 2030 A Salton completa 116 anos com um lan\u00e7amento que vai al\u00e9m da celebra\u00e7\u00e3o: a vin\u00edcola apresenta o espumante Salton 116 Anos, primeiro r\u00f3tulo da\u00a0Cole\u00e7\u00e3o Efervesc\u00eancia Brasileira, uma s\u00e9rie de cinco espumantes exclusivos que ser\u00e3o lan\u00e7ados anualmente at\u00e9 2030.<\/p>\n","protected":false},"author":2,"featured_media":35799,"comment_status":"open","ping_status":"open","sticky":true,"template":"","format":"standard","meta":{"_eb_attr":"","inline_featured_image":false,"_joinchat":[],"footnotes":""},"categories":[185,66,133],"tags":[],"class_list":["post-35798","post","type-post","status-publish","format-standard","has-post-thumbnail","hentry","category-brasil","category-lancamentos","category-serra-gaucha"],"acf":[],"yoast_head":"<!-- This site is optimized with the Yoast SEO plugin v28.4 - https:\/\/yoast.com\/product\/yoast-seo-wordpress\/ -->\n<title>Salton lan\u00e7a espumante que abre cole\u00e7\u00e3o comemorativa rumo aos 120 anos - Experi\u00eancias que conectam marcas, pessoas e momentos<\/title>\n<meta name=\"robots\" content=\"index, follow, max-snippet:-1, max-image-preview:large, max-video-preview:-1\" \/>\n<link rel=\"canonical\" href=\"http:\/\/ftp.diariodebordo.net\/?p=35798\" \/>\n<meta property=\"og:locale\" content=\"pt_BR\" \/>\n<meta property=\"og:type\" content=\"article\" \/>\n<meta property=\"og:title\" content=\"Salton lan\u00e7a espumante que abre cole\u00e7\u00e3o comemorativa rumo aos 120 anos - Experi\u00eancias que conectam marcas, pessoas e momentos\" \/>\n<meta property=\"og:description\" content=\"O Salton 116 Anos inaugura a Cole\u00e7\u00e3o Efervesc\u00eancia Brasileira, que acompanhar\u00e1 a trajet\u00f3ria da vin\u00edcola at\u00e9 2030 A Salton completa 116 anos com um lan\u00e7amento que vai al\u00e9m da celebra\u00e7\u00e3o: a vin\u00edcola apresenta o espumante Salton 116 Anos, primeiro r\u00f3tulo da\u00a0Cole\u00e7\u00e3o Efervesc\u00eancia Brasileira, uma s\u00e9rie de cinco espumantes exclusivos que ser\u00e3o lan\u00e7ados anualmente at\u00e9 2030.\" \/>\n<meta property=\"og:url\" content=\"http:\/\/ftp.diariodebordo.net\/?p=35798\" \/>\n<meta property=\"og:site_name\" content=\"Experi\u00eancias que conectam marcas, pessoas e momentos\" \/>\n<meta property=\"article:published_time\" content=\"2026-09-01T08:44:09+00:00\" \/>\n<meta property=\"og:image\" content=\"http:\/\/ftp.diariodebordo.net\/wp-content\/uploads\/2026\/09\/DSC4724-Editar-scaled.jpg\" \/>\n\t<meta property=\"og:image:width\" content=\"2560\" \/>\n\t<meta property=\"og:image:height\" content=\"1707\" \/>\n\t<meta property=\"og:image:type\" content=\"image\/jpeg\" \/>\n<meta name=\"author\" content=\"Bebeto Azevedo\" \/>\n<meta name=\"twitter:card\" content=\"summary_large_image\" \/>\n<meta name=\"twitter:label1\" content=\"Escrito por\" \/>\n\t<meta name=\"twitter:data1\" content=\"Bebeto Azevedo\" \/>\n\t<meta name=\"twitter:label2\" content=\"Est. tempo de leitura\" \/>\n\t<meta name=\"twitter:data2\" content=\"4 minutos\" \/>\n<script type=\"application\/ld+json\" class=\"yoast-schema-graph\">{\"@context\":\"https:\\\/\\\/schema.org\",\"@graph\":[{\"@type\":\"Article\",\"@id\":\"http:\\\/\\\/ftp.diariodebordo.net\\\/?p=35798#article\",\"isPartOf\":{\"@id\":\"http:\\\/\\\/ftp.diariodebordo.net\\\/?p=35798\"},\"author\":{\"name\":\"Bebeto Azevedo\",\"@id\":\"https:\\\/\\\/www.diariodebordo.net\\\/#\\\/schema\\\/person\\\/f7ac4c3cb0758b4042d9ee8b088132a7\"},\"headline\":\"Salton lan\u00e7a espumante que abre cole\u00e7\u00e3o comemorativa rumo aos 120 anos\",\"datePublished\":\"2026-09-01T08:44:09+00:00\",\"mainEntityOfPage\":{\"@id\":\"http:\\\/\\\/ftp.diariodebordo.net\\\/?p=35798\"},\"wordCount\":585,\"commentCount\":0,\"publisher\":{\"@id\":\"https:\\\/\\\/www.diariodebordo.net\\\/#organization\"},\"image\":{\"@id\":\"http:\\\/\\\/ftp.diariodebordo.net\\\/?p=35798#primaryimage\"},\"thumbnailUrl\":\"https:\\\/\\\/www.diariodebordo.net\\\/wp-content\\\/uploads\\\/2026\\\/09\\\/DSC4724-Editar-scaled.jpg\",\"articleSection\":[\"BRASIL\",\"LAN\u00c7AMENTOS\",\"Serra Ga\u00facha\"],\"inLanguage\":\"pt-BR\",\"potentialAction\":[{\"@type\":\"CommentAction\",\"name\":\"Comment\",\"target\":[\"http:\\\/\\\/ftp.diariodebordo.net\\\/?p=35798#respond\"]}]},{\"@type\":\"WebPage\",\"@id\":\"http:\\\/\\\/ftp.diariodebordo.net\\\/?p=35798\",\"url\":\"http:\\\/\\\/ftp.diariodebordo.net\\\/?p=35798\",\"name\":\"Salton lan\u00e7a espumante que abre cole\u00e7\u00e3o comemorativa rumo aos 120 anos - Experi\u00eancias que conectam marcas, pessoas e momentos\",\"isPartOf\":{\"@id\":\"https:\\\/\\\/www.diariodebordo.net\\\/#website\"},\"primaryImageOfPage\":{\"@id\":\"http:\\\/\\\/ftp.diariodebordo.net\\\/?p=35798#primaryimage\"},\"image\":{\"@id\":\"http:\\\/\\\/ftp.diariodebordo.net\\\/?p=35798#primaryimage\"},\"thumbnailUrl\":\"https:\\\/\\\/www.diariodebordo.net\\\/wp-content\\\/uploads\\\/2026\\\/09\\\/DSC4724-Editar-scaled.jpg\",\"datePublished\":\"2026-09-01T08:44:09+00:00\",\"breadcrumb\":{\"@id\":\"http:\\\/\\\/ftp.diariodebordo.net\\\/?p=35798#breadcrumb\"},\"inLanguage\":\"pt-BR\",\"potentialAction\":[{\"@type\":\"ReadAction\",\"target\":[\"http:\\\/\\\/ftp.diariodebordo.net\\\/?p=35798\"]}]},{\"@type\":\"ImageObject\",\"inLanguage\":\"pt-BR\",\"@id\":\"http:\\\/\\\/ftp.diariodebordo.net\\\/?p=35798#primaryimage\",\"url\":\"https:\\\/\\\/www.diariodebordo.net\\\/wp-content\\\/uploads\\\/2026\\\/09\\\/DSC4724-Editar-scaled.jpg\",\"contentUrl\":\"https:\\\/\\\/www.diariodebordo.net\\\/wp-content\\\/uploads\\\/2026\\\/09\\\/DSC4724-Editar-scaled.jpg\",\"width\":2560,\"height\":1707},{\"@type\":\"BreadcrumbList\",\"@id\":\"http:\\\/\\\/ftp.diariodebordo.net\\\/?p=35798#breadcrumb\",\"itemListElement\":[{\"@type\":\"ListItem\",\"position\":1,\"name\":\"In\u00edcio\",\"item\":\"https:\\\/\\\/www.diariodebordo.net\\\/\"},{\"@type\":\"ListItem\",\"position\":2,\"name\":\"Salton lan\u00e7a espumante que abre cole\u00e7\u00e3o comemorativa rumo aos 120 anos\"}]},{\"@type\":\"WebSite\",\"@id\":\"https:\\\/\\\/www.diariodebordo.net\\\/#website\",\"url\":\"https:\\\/\\\/www.diariodebordo.net\\\/\",\"name\":\"Experi\u00eancias que conectam marcas, pessoas e momentos\",\"description\":\"M\u00eddia, eventos e conte\u00fado em uma plataforma que gera presen\u00e7a, relev\u00e2ncia e movimento.\",\"publisher\":{\"@id\":\"https:\\\/\\\/www.diariodebordo.net\\\/#organization\"},\"potentialAction\":[{\"@type\":\"SearchAction\",\"target\":{\"@type\":\"EntryPoint\",\"urlTemplate\":\"https:\\\/\\\/www.diariodebordo.net\\\/?s={search_term_string}\"},\"query-input\":{\"@type\":\"PropertyValueSpecification\",\"valueRequired\":true,\"valueName\":\"search_term_string\"}}],\"inLanguage\":\"pt-BR\"},{\"@type\":\"Organization\",\"@id\":\"https:\\\/\\\/www.diariodebordo.net\\\/#organization\",\"name\":\"Experi\u00eancias que conectam marcas, pessoas e momentos\",\"url\":\"https:\\\/\\\/www.diariodebordo.net\\\/\",\"logo\":{\"@type\":\"ImageObject\",\"inLanguage\":\"pt-BR\",\"@id\":\"https:\\\/\\\/www.diariodebordo.net\\\/#\\\/schema\\\/logo\\\/image\\\/\",\"url\":\"https:\\\/\\\/www.diariodebordo.net\\\/wp-content\\\/uploads\\\/2026\\\/04\\\/cropped-cropped-20260419_052322_0001-2.png\",\"contentUrl\":\"https:\\\/\\\/www.diariodebordo.net\\\/wp-content\\\/uploads\\\/2026\\\/04\\\/cropped-cropped-20260419_052322_0001-2.png\",\"width\":512,\"height\":214,\"caption\":\"Experi\u00eancias que conectam marcas, pessoas e momentos \"},\"image\":{\"@id\":\"https:\\\/\\\/www.diariodebordo.net\\\/#\\\/schema\\\/logo\\\/image\\\/\"}},{\"@type\":\"Person\",\"@id\":\"https:\\\/\\\/www.diariodebordo.net\\\/#\\\/schema\\\/person\\\/f7ac4c3cb0758b4042d9ee8b088132a7\",\"name\":\"Bebeto Azevedo\",\"image\":{\"@type\":\"ImageObject\",\"inLanguage\":\"pt-BR\",\"@id\":\"https:\\\/\\\/diariodebordo.net\\\/wp-content\\\/uploads\\\/2022\\\/09\\\/image1-96x96.jpg\",\"url\":\"https:\\\/\\\/diariodebordo.net\\\/wp-content\\\/uploads\\\/2022\\\/09\\\/image1-96x96.jpg\",\"contentUrl\":\"https:\\\/\\\/diariodebordo.net\\\/wp-content\\\/uploads\\\/2022\\\/09\\\/image1-96x96.jpg\",\"caption\":\"Bebeto Azevedo\"},\"url\":\"https:\\\/\\\/www.diariodebordo.net\\\/?author=2\"}]}<\/script>\n<!-- \/ Yoast SEO plugin. -->","yoast_head_json":{"title":"Salton lan\u00e7a espumante que abre cole\u00e7\u00e3o comemorativa rumo aos 120 anos - Experi\u00eancias que conectam marcas, pessoas e momentos","robots":{"index":"index","follow":"follow","max-snippet":"max-snippet:-1","max-image-preview":"max-image-preview:large","max-video-preview":"max-video-preview:-1"},"canonical":"http:\/\/ftp.diariodebordo.net\/?p=35798","og_locale":"pt_BR","og_type":"article","og_title":"Salton lan\u00e7a espumante que abre cole\u00e7\u00e3o comemorativa rumo aos 120 anos - Experi\u00eancias que conectam marcas, pessoas e momentos","og_description":"O Salton 116 Anos inaugura a Cole\u00e7\u00e3o Efervesc\u00eancia Brasileira, que acompanhar\u00e1 a trajet\u00f3ria da vin\u00edcola at\u00e9 2030 A Salton completa 116 anos com um lan\u00e7amento que vai al\u00e9m da celebra\u00e7\u00e3o: a vin\u00edcola apresenta o espumante Salton 116 Anos, primeiro r\u00f3tulo da\u00a0Cole\u00e7\u00e3o Efervesc\u00eancia Brasileira, uma s\u00e9rie de cinco espumantes exclusivos que ser\u00e3o lan\u00e7ados anualmente at\u00e9 2030.","og_url":"http:\/\/ftp.diariodebordo.net\/?p=35798","og_site_name":"Experi\u00eancias que conectam marcas, pessoas e momentos","article_published_time":"2026-09-01T08:44:09+00:00","og_image":[{"width":2560,"height":1707,"url":"http:\/\/ftp.diariodebordo.net\/wp-content\/uploads\/2026\/09\/DSC4724-Editar-scaled.jpg","type":"image\/jpeg"}],"author":"Bebeto Azevedo","twitter_card":"summary_large_image","twitter_misc":{"Escrito por":"Bebeto Azevedo","Est. tempo de leitura":"4 minutos"},"schema":{"@context":"https:\/\/schema.org","@graph":[{"@type":"Article","@id":"http:\/\/ftp.diariodebordo.net\/?p=35798#article","isPartOf":{"@id":"http:\/\/ftp.diariodebordo.net\/?p=35798"},"author":{"name":"Bebeto Azevedo","@id":"https:\/\/www.diariodebordo.net\/#\/schema\/person\/f7ac4c3cb0758b4042d9ee8b088132a7"},"headline":"Salton lan\u00e7a espumante que abre cole\u00e7\u00e3o comemorativa rumo aos 120 anos","datePublished":"2026-09-01T08:44:09+00:00","mainEntityOfPage":{"@id":"http:\/\/ftp.diariodebordo.net\/?p=35798"},"wordCount":585,"commentCount":0,"publisher":{"@id":"https:\/\/www.diariodebordo.net\/#organization"},"image":{"@id":"http:\/\/ftp.diariodebordo.net\/?p=35798#primaryimage"},"thumbnailUrl":"https:\/\/www.diariodebordo.net\/wp-content\/uploads\/2026\/09\/DSC4724-Editar-scaled.jpg","articleSection":["BRASIL","LAN\u00c7AMENTOS","Serra Ga\u00facha"],"inLanguage":"pt-BR","potentialAction":[{"@type":"CommentAction","name":"Comment","target":["http:\/\/ftp.diariodebordo.net\/?p=35798#respond"]}]},{"@type":"WebPage","@id":"http:\/\/ftp.diariodebordo.net\/?p=35798","url":"http:\/\/ftp.diariodebordo.net\/?p=35798","name":"Salton lan\u00e7a espumante que abre cole\u00e7\u00e3o comemorativa rumo aos 120 anos - Experi\u00eancias que conectam marcas, pessoas e momentos","isPartOf":{"@id":"https:\/\/www.diariodebordo.net\/#website"},"primaryImageOfPage":{"@id":"http:\/\/ftp.diariodebordo.net\/?p=35798#primaryimage"},"image":{"@id":"http:\/\/ftp.diariodebordo.net\/?p=35798#primaryimage"},"thumbnailUrl":"https:\/\/www.diariodebordo.net\/wp-content\/uploads\/2026\/09\/DSC4724-Editar-scaled.jpg","datePublished":"2026-09-01T08:44:09+00:00","breadcrumb":{"@id":"http:\/\/ftp.diariodebordo.net\/?p=35798#breadcrumb"},"inLanguage":"pt-BR","potentialAction":[{"@type":"ReadAction","target":["http:\/\/ftp.diariodebordo.net\/?p=35798"]}]},{"@type":"ImageObject","inLanguage":"pt-BR","@id":"http:\/\/ftp.diariodebordo.net\/?p=35798#primaryimage","url":"https:\/\/www.diariodebordo.net\/wp-content\/uploads\/2026\/09\/DSC4724-Editar-scaled.jpg","contentUrl":"https:\/\/www.diariodebordo.net\/wp-content\/uploads\/2026\/09\/DSC4724-Editar-scaled.jpg","width":2560,"height":1707},{"@type":"BreadcrumbList","@id":"http:\/\/ftp.diariodebordo.net\/?p=35798#breadcrumb","itemListElement":[{"@type":"ListItem","position":1,"name":"In\u00edcio","item":"https:\/\/www.diariodebordo.net\/"},{"@type":"ListItem","position":2,"name":"Salton lan\u00e7a espumante que abre cole\u00e7\u00e3o comemorativa rumo aos 120 anos"}]},{"@type":"WebSite","@id":"https:\/\/www.diariodebordo.net\/#website","url":"https:\/\/www.diariodebordo.net\/","name":"Experi\u00eancias que conectam marcas, pessoas e momentos","description":"M\u00eddia, eventos e conte\u00fado em uma plataforma que gera presen\u00e7a, relev\u00e2ncia e movimento.","publisher":{"@id":"https:\/\/www.diariodebordo.net\/#organization"},"potentialAction":[{"@type":"SearchAction","target":{"@type":"EntryPoint","urlTemplate":"https:\/\/www.diariodebordo.net\/?s={search_term_string}"},"query-input":{"@type":"PropertyValueSpecification","valueRequired":true,"valueName":"search_term_string"}}],"inLanguage":"pt-BR"},{"@type":"Organization","@id":"https:\/\/www.diariodebordo.net\/#organization","name":"Experi\u00eancias que conectam marcas, pessoas e momentos","url":"https:\/\/www.diariodebordo.net\/","logo":{"@type":"ImageObject","inLanguage":"pt-BR","@id":"https:\/\/www.diariodebordo.net\/#\/schema\/logo\/image\/","url":"https:\/\/www.diariodebordo.net\/wp-content\/uploads\/2026\/04\/cropped-cropped-20260419_052322_0001-2.png","contentUrl":"https:\/\/www.diariodebordo.net\/wp-content\/uploads\/2026\/04\/cropped-cropped-20260419_052322_0001-2.png","width":512,"height":214,"caption":"Experi\u00eancias que conectam marcas, pessoas e momentos "},"image":{"@id":"https:\/\/www.diariodebordo.net\/#\/schema\/logo\/image\/"}},{"@type":"Person","@id":"https:\/\/www.diariodebordo.net\/#\/schema\/person\/f7ac4c3cb0758b4042d9ee8b088132a7","name":"Bebeto Azevedo","image":{"@type":"ImageObject","inLanguage":"pt-BR","@id":"https:\/\/diariodebordo.net\/wp-content\/uploads\/2022\/09\/image1-96x96.jpg","url":"https:\/\/diariodebordo.net\/wp-content\/uploads\/2022\/09\/image1-96x96.jpg","contentUrl":"https:\/\/diariodebordo.net\/wp-content\/uploads\/2022\/09\/image1-96x96.jpg","caption":"Bebeto Azevedo"},"url":"https:\/\/www.diariodebordo.net\/?author=2"}]}},"_links":{"self":[{"href":"https:\/\/www.diariodebordo.net\/index.php?rest_route=\/wp\/v2\/posts\/35798","targetHints":{"allow":["GET"]}}],"collection":[{"href":"https:\/\/www.diariodebordo.net\/index.php?rest_route=\/wp\/v2\/posts"}],"about":[{"href":"https:\/\/www.diariodebordo.net\/index.php?rest_route=\/wp\/v2\/types\/post"}],"author":[{"embeddable":true,"href":"https:\/\/www.diariodebordo.net\/index.php?rest_route=\/wp\/v2\/users\/2"}],"replies":[{"embeddable":true,"href":"https:\/\/www.diariodebordo.net\/index.php?rest_route=%2Fwp%2Fv2%2Fcomments&post=35798"}],"version-history":[{"count":1,"href":"https:\/\/www.diariodebordo.net\/index.php?rest_route=\/wp\/v2\/posts\/35798\/revisions"}],"predecessor-version":[{"id":35800,"href":"https:\/\/www.diariodebordo.net\/index.php?rest_route=\/wp\/v2\/posts\/35798\/revisions\/35800"}],"wp:featuredmedia":[{"embeddable":true,"href":"https:\/\/www.diariodebordo.net\/index.php?rest_route=\/wp\/v2\/media\/35799"}],"wp:attachment":[{"href":"https:\/\/www.diariodebordo.net\/index.php?rest_route=%2Fwp%2Fv2%2Fmedia&parent=35798"}],"wp:term":[{"taxonomy":"category","embeddable":true,"href":"https:\/\/www.diariodebordo.net\/index.php?rest_route=%2Fwp%2Fv2%2Fcategories&post=35798"},{"taxonomy":"post_tag","embeddable":true,"href":"https:\/\/www.diariodebordo.net\/index.php?rest_route=%2Fwp%2Fv2%2Ftags&post=35798"}],"curies":[{"name":"wp","href":"https:\/\/api.w.org\/{rel}","templated":true}]}}