{"id":34982,"date":"2026-05-03T01:21:03","date_gmt":"2026-05-03T04:21:03","guid":{"rendered":"https:\/\/diariodebordo.net\/?p=34982"},"modified":"2026-05-03T01:21:03","modified_gmt":"2026-05-03T04:21:03","slug":"atlas-da-gestao-celebra-lancamento-de-sucesso-em-porto-alegre-com-noite-de-conexoes-e-inspiracao","status":"publish","type":"post","link":"https:\/\/www.diariodebordo.net\/?p=34982","title":{"rendered":"\u201cAtlas da Gest\u00e3o\u201d celebra lan\u00e7amento de sucesso em Porto Alegre com noite de conex\u00f5es e inspira\u00e7\u00e3o"},"content":{"rendered":"<p style=\"font-weight: 400;\"><em>Os autores Bertran S. Filomena e Biagio Caetano Filomena <\/em><em>recebem amigos, clientes e leitores em evento que marcou a chegada da obra ao mercado com troca de ideias e proximidade com o p\u00fablico<\/em><\/p>\n<p>A noite de lan\u00e7amento do livro <em>Atlas da Gest\u00e3o<\/em>, de Bertran S. Filomena e Biagio Caetano Filomena, foi marcada por casa cheia e uma atmosfera de celebra\u00e7\u00e3o na Livraria Paisagem do Bourbon Country, em Porto Alegre, no dia 27 de abril. Reunindo amigos, clientes e leitores, o evento consolidou o interesse do p\u00fablico por uma obra que prop\u00f5e um olhar pr\u00e1tico e abrangente sobre os desafios da lideran\u00e7a contempor\u00e2nea. Entre aut\u00f3grafos, conversas e reencontros, os autores puderam compartilhar de perto a ess\u00eancia do livro e a motiva\u00e7\u00e3o por tr\u00e1s do projeto.<\/p>\n<p>Durante a sess\u00e3o, o p\u00fablico teve a oportunidade de trocar experi\u00eancias com os autores, que destacaram a import\u00e2ncia de uma gest\u00e3o consistente e baseada em fundamentos s\u00f3lidos. Inspirado no simbolismo do \u201cAtlas\u201d, que sustenta o mundo, o livro convida gestores a refletirem sobre o peso de suas responsabilidades e, ao mesmo tempo, oferece ferramentas para conduzir suas decis\u00f5es com mais clareza e seguran\u00e7a. A recep\u00e7\u00e3o calorosa refor\u00e7ou o quanto o tema ressoa com profissionais de diferentes \u00e1reas e n\u00edveis de experi\u00eancia.<\/p>\n<p>Com linguagem acess\u00edvel e abordagem pr\u00e1tica, <em>Atlas da Gest\u00e3o<\/em> se posiciona como um guia para l\u00edderes que buscam alta performance de forma sustent\u00e1vel. A obra re\u00fane m\u00e9todos, exemplos e reflex\u00f5es aplic\u00e1veis ao dia a dia das empresas, conectando estrat\u00e9gia, finan\u00e7as, pessoas e processos em um modelo integrado. O sucesso do lan\u00e7amento em Porto Alegre evidencia n\u00e3o apenas a relev\u00e2ncia do conte\u00fado, mas tamb\u00e9m o desejo crescente por uma gest\u00e3o mais consciente, estruturada e alinhada aos desafios do presente.<\/p>\n<p>&nbsp;<\/p>\n<p><strong>SERVI\u00c7O<\/strong><\/p>\n<p><strong>O QUE:<\/strong> Livro Atlas da Gest\u00e3o<\/p>\n<p><strong>AUTORES: <\/strong>Bertran S. Filomena e Biagio Caetano Filomena<\/p>\n<p><strong>EDITORA: <\/strong>Buqui<\/p>\n<p><strong>P\u00c1GINAS:<\/strong> 503<\/p>\n<p><strong>PRE\u00c7O SUGERIDO: <\/strong>R$ 79,90 (lan\u00e7amento)<\/p>\n<p>&nbsp;<\/p>\n<p><strong>SIGA NAS REDES: <\/strong>@atlasdagestao<\/p>\n<p><strong>SITE:<\/strong> <a href=\"https:\/\/atlasdagestao.com.br\/\">https:\/\/atlasdagestao.com.br\/<\/a><\/p>\n<p><strong>\u00a0<\/strong><\/p>\n<p><strong>\u00a0<\/strong><\/p>\n<p>&nbsp;<\/p>\n<p>&nbsp;<\/p>\n<p style=\"font-weight: 400;\">\n","protected":false},"excerpt":{"rendered":"<p>Os autores Bertran S. Filomena e Biagio Caetano Filomena recebem amigos, clientes e leitores em evento que marcou a chegada da obra ao mercado com troca de ideias e proximidade com o p\u00fablico A noite de lan\u00e7amento do livro Atlas da Gest\u00e3o, de Bertran S. Filomena e Biagio Caetano Filomena, foi marcada por casa cheia<\/p>\n","protected":false},"author":13,"featured_media":34983,"comment_status":"closed","ping_status":"closed","sticky":true,"template":"","format":"standard","meta":{"_eb_attr":"","inline_featured_image":false,"_joinchat":[],"footnotes":""},"categories":[1],"tags":[],"class_list":["post-34982","post","type-post","status-publish","format-standard","has-post-thumbnail","hentry","category-dia-a-dia"],"acf":[],"yoast_head":"<!-- This site is optimized with the Yoast SEO plugin v27.5 - https:\/\/yoast.com\/product\/yoast-seo-wordpress\/ -->\n<title>\u201cAtlas da Gest\u00e3o\u201d celebra lan\u00e7amento de sucesso em Porto Alegre com noite de conex\u00f5es e inspira\u00e7\u00e3o - Experi\u00eancias que conectam marcas, pessoas e momentos<\/title>\n<meta name=\"robots\" content=\"index, follow, max-snippet:-1, max-image-preview:large, max-video-preview:-1\" \/>\n<link rel=\"canonical\" href=\"https:\/\/diariodebordo.net\/?p=34982\" \/>\n<meta property=\"og:locale\" content=\"pt_BR\" \/>\n<meta property=\"og:type\" content=\"article\" \/>\n<meta property=\"og:title\" content=\"\u201cAtlas da Gest\u00e3o\u201d celebra lan\u00e7amento de sucesso em Porto Alegre com noite de conex\u00f5es e inspira\u00e7\u00e3o - Experi\u00eancias que conectam marcas, pessoas e momentos\" \/>\n<meta property=\"og:description\" content=\"Os autores Bertran S. Filomena e Biagio Caetano Filomena recebem amigos, clientes e leitores em evento que marcou a chegada da obra ao mercado com troca de ideias e proximidade com o p\u00fablico A noite de lan\u00e7amento do livro Atlas da Gest\u00e3o, de Bertran S. Filomena e Biagio Caetano Filomena, foi marcada por casa cheia\" \/>\n<meta property=\"og:url\" content=\"https:\/\/diariodebordo.net\/?p=34982\" \/>\n<meta property=\"og:site_name\" content=\"Experi\u00eancias que conectam marcas, pessoas e momentos\" \/>\n<meta property=\"article:published_time\" content=\"2026-05-03T04:21:03+00:00\" \/>\n<meta property=\"og:image\" content=\"https:\/\/diariodebordo.net\/wp-content\/uploads\/2026\/05\/87A3122-scaled.jpeg\" \/>\n\t<meta property=\"og:image:width\" content=\"1707\" \/>\n\t<meta property=\"og:image:height\" content=\"2560\" \/>\n\t<meta property=\"og:image:type\" content=\"image\/jpeg\" \/>\n<meta name=\"author\" content=\"Thiago Soares\" \/>\n<meta name=\"twitter:card\" content=\"summary_large_image\" \/>\n<meta name=\"twitter:label1\" content=\"Escrito por\" \/>\n\t<meta name=\"twitter:data1\" content=\"Thiago Soares\" \/>\n\t<meta name=\"twitter:label2\" content=\"Est. tempo de leitura\" \/>\n\t<meta name=\"twitter:data2\" content=\"2 minutos\" \/>\n<script type=\"application\/ld+json\" class=\"yoast-schema-graph\">{\"@context\":\"https:\\\/\\\/schema.org\",\"@graph\":[{\"@type\":\"Article\",\"@id\":\"https:\\\/\\\/diariodebordo.net\\\/?p=34982#article\",\"isPartOf\":{\"@id\":\"https:\\\/\\\/diariodebordo.net\\\/?p=34982\"},\"author\":{\"name\":\"Thiago Soares\",\"@id\":\"https:\\\/\\\/diariodebordo.net\\\/#\\\/schema\\\/person\\\/2983b623551b91c75a103029fb634a78\"},\"headline\":\"\u201cAtlas da Gest\u00e3o\u201d celebra lan\u00e7amento de sucesso em Porto Alegre com noite de conex\u00f5es e inspira\u00e7\u00e3o\",\"datePublished\":\"2026-05-03T04:21:03+00:00\",\"mainEntityOfPage\":{\"@id\":\"https:\\\/\\\/diariodebordo.net\\\/?p=34982\"},\"wordCount\":384,\"publisher\":{\"@id\":\"https:\\\/\\\/diariodebordo.net\\\/#organization\"},\"image\":{\"@id\":\"https:\\\/\\\/diariodebordo.net\\\/?p=34982#primaryimage\"},\"thumbnailUrl\":\"https:\\\/\\\/www.diariodebordo.net\\\/wp-content\\\/uploads\\\/2026\\\/05\\\/87A3122-scaled.jpeg\",\"articleSection\":[\"Dia-a-Dia\"],\"inLanguage\":\"pt-BR\"},{\"@type\":\"WebPage\",\"@id\":\"https:\\\/\\\/diariodebordo.net\\\/?p=34982\",\"url\":\"https:\\\/\\\/diariodebordo.net\\\/?p=34982\",\"name\":\"\u201cAtlas da Gest\u00e3o\u201d celebra lan\u00e7amento de sucesso em Porto Alegre com noite de conex\u00f5es e inspira\u00e7\u00e3o - Experi\u00eancias que conectam marcas, pessoas e momentos\",\"isPartOf\":{\"@id\":\"https:\\\/\\\/diariodebordo.net\\\/#website\"},\"primaryImageOfPage\":{\"@id\":\"https:\\\/\\\/diariodebordo.net\\\/?p=34982#primaryimage\"},\"image\":{\"@id\":\"https:\\\/\\\/diariodebordo.net\\\/?p=34982#primaryimage\"},\"thumbnailUrl\":\"https:\\\/\\\/www.diariodebordo.net\\\/wp-content\\\/uploads\\\/2026\\\/05\\\/87A3122-scaled.jpeg\",\"datePublished\":\"2026-05-03T04:21:03+00:00\",\"breadcrumb\":{\"@id\":\"https:\\\/\\\/diariodebordo.net\\\/?p=34982#breadcrumb\"},\"inLanguage\":\"pt-BR\",\"potentialAction\":[{\"@type\":\"ReadAction\",\"target\":[\"https:\\\/\\\/diariodebordo.net\\\/?p=34982\"]}]},{\"@type\":\"ImageObject\",\"inLanguage\":\"pt-BR\",\"@id\":\"https:\\\/\\\/diariodebordo.net\\\/?p=34982#primaryimage\",\"url\":\"https:\\\/\\\/www.diariodebordo.net\\\/wp-content\\\/uploads\\\/2026\\\/05\\\/87A3122-scaled.jpeg\",\"contentUrl\":\"https:\\\/\\\/www.diariodebordo.net\\\/wp-content\\\/uploads\\\/2026\\\/05\\\/87A3122-scaled.jpeg\",\"width\":1707,\"height\":2560},{\"@type\":\"BreadcrumbList\",\"@id\":\"https:\\\/\\\/diariodebordo.net\\\/?p=34982#breadcrumb\",\"itemListElement\":[{\"@type\":\"ListItem\",\"position\":1,\"name\":\"In\u00edcio\",\"item\":\"https:\\\/\\\/diariodebordo.net\\\/\"},{\"@type\":\"ListItem\",\"position\":2,\"name\":\"\u201cAtlas da Gest\u00e3o\u201d celebra lan\u00e7amento de sucesso em Porto Alegre com noite de conex\u00f5es e inspira\u00e7\u00e3o\"}]},{\"@type\":\"WebSite\",\"@id\":\"https:\\\/\\\/diariodebordo.net\\\/#website\",\"url\":\"https:\\\/\\\/diariodebordo.net\\\/\",\"name\":\"Experi\u00eancias que conectam marcas, pessoas e momentos\",\"description\":\"M\u00eddia, eventos e conte\u00fado em uma plataforma que gera presen\u00e7a, relev\u00e2ncia e movimento.\",\"publisher\":{\"@id\":\"https:\\\/\\\/diariodebordo.net\\\/#organization\"},\"potentialAction\":[{\"@type\":\"SearchAction\",\"target\":{\"@type\":\"EntryPoint\",\"urlTemplate\":\"https:\\\/\\\/diariodebordo.net\\\/?s={search_term_string}\"},\"query-input\":{\"@type\":\"PropertyValueSpecification\",\"valueRequired\":true,\"valueName\":\"search_term_string\"}}],\"inLanguage\":\"pt-BR\"},{\"@type\":\"Organization\",\"@id\":\"https:\\\/\\\/diariodebordo.net\\\/#organization\",\"name\":\"Experi\u00eancias que conectam marcas, pessoas e momentos\",\"url\":\"https:\\\/\\\/diariodebordo.net\\\/\",\"logo\":{\"@type\":\"ImageObject\",\"inLanguage\":\"pt-BR\",\"@id\":\"https:\\\/\\\/diariodebordo.net\\\/#\\\/schema\\\/logo\\\/image\\\/\",\"url\":\"https:\\\/\\\/www.diariodebordo.net\\\/wp-content\\\/uploads\\\/2026\\\/04\\\/cropped-cropped-20260419_052322_0001-2.png\",\"contentUrl\":\"https:\\\/\\\/www.diariodebordo.net\\\/wp-content\\\/uploads\\\/2026\\\/04\\\/cropped-cropped-20260419_052322_0001-2.png\",\"width\":512,\"height\":214,\"caption\":\"Experi\u00eancias que conectam marcas, pessoas e momentos \"},\"image\":{\"@id\":\"https:\\\/\\\/diariodebordo.net\\\/#\\\/schema\\\/logo\\\/image\\\/\"}},{\"@type\":\"Person\",\"@id\":\"https:\\\/\\\/diariodebordo.net\\\/#\\\/schema\\\/person\\\/2983b623551b91c75a103029fb634a78\",\"name\":\"Thiago Soares\",\"image\":{\"@type\":\"ImageObject\",\"inLanguage\":\"pt-BR\",\"@id\":\"https:\\\/\\\/diariodebordo.net\\\/wp-content\\\/uploads\\\/2022\\\/09\\\/cropped-image9-96x96.jpg\",\"url\":\"https:\\\/\\\/diariodebordo.net\\\/wp-content\\\/uploads\\\/2022\\\/09\\\/cropped-image9-96x96.jpg\",\"contentUrl\":\"https:\\\/\\\/diariodebordo.net\\\/wp-content\\\/uploads\\\/2022\\\/09\\\/cropped-image9-96x96.jpg\",\"caption\":\"Thiago Soares\"},\"url\":\"https:\\\/\\\/www.diariodebordo.net\\\/?author=13\"}]}<\/script>\n<!-- \/ Yoast SEO plugin. -->","yoast_head_json":{"title":"\u201cAtlas da Gest\u00e3o\u201d celebra lan\u00e7amento de sucesso em Porto Alegre com noite de conex\u00f5es e inspira\u00e7\u00e3o - Experi\u00eancias que conectam marcas, pessoas e momentos","robots":{"index":"index","follow":"follow","max-snippet":"max-snippet:-1","max-image-preview":"max-image-preview:large","max-video-preview":"max-video-preview:-1"},"canonical":"https:\/\/diariodebordo.net\/?p=34982","og_locale":"pt_BR","og_type":"article","og_title":"\u201cAtlas da Gest\u00e3o\u201d celebra lan\u00e7amento de sucesso em Porto Alegre com noite de conex\u00f5es e inspira\u00e7\u00e3o - Experi\u00eancias que conectam marcas, pessoas e momentos","og_description":"Os autores Bertran S. Filomena e Biagio Caetano Filomena recebem amigos, clientes e leitores em evento que marcou a chegada da obra ao mercado com troca de ideias e proximidade com o p\u00fablico A noite de lan\u00e7amento do livro Atlas da Gest\u00e3o, de Bertran S. Filomena e Biagio Caetano Filomena, foi marcada por casa cheia","og_url":"https:\/\/diariodebordo.net\/?p=34982","og_site_name":"Experi\u00eancias que conectam marcas, pessoas e momentos","article_published_time":"2026-05-03T04:21:03+00:00","og_image":[{"width":1707,"height":2560,"url":"https:\/\/diariodebordo.net\/wp-content\/uploads\/2026\/05\/87A3122-scaled.jpeg","type":"image\/jpeg"}],"author":"Thiago Soares","twitter_card":"summary_large_image","twitter_misc":{"Escrito por":"Thiago Soares","Est. tempo de leitura":"2 minutos"},"schema":{"@context":"https:\/\/schema.org","@graph":[{"@type":"Article","@id":"https:\/\/diariodebordo.net\/?p=34982#article","isPartOf":{"@id":"https:\/\/diariodebordo.net\/?p=34982"},"author":{"name":"Thiago Soares","@id":"https:\/\/diariodebordo.net\/#\/schema\/person\/2983b623551b91c75a103029fb634a78"},"headline":"\u201cAtlas da Gest\u00e3o\u201d celebra lan\u00e7amento de sucesso em Porto Alegre com noite de conex\u00f5es e inspira\u00e7\u00e3o","datePublished":"2026-05-03T04:21:03+00:00","mainEntityOfPage":{"@id":"https:\/\/diariodebordo.net\/?p=34982"},"wordCount":384,"publisher":{"@id":"https:\/\/diariodebordo.net\/#organization"},"image":{"@id":"https:\/\/diariodebordo.net\/?p=34982#primaryimage"},"thumbnailUrl":"https:\/\/www.diariodebordo.net\/wp-content\/uploads\/2026\/05\/87A3122-scaled.jpeg","articleSection":["Dia-a-Dia"],"inLanguage":"pt-BR"},{"@type":"WebPage","@id":"https:\/\/diariodebordo.net\/?p=34982","url":"https:\/\/diariodebordo.net\/?p=34982","name":"\u201cAtlas da Gest\u00e3o\u201d celebra lan\u00e7amento de sucesso em Porto Alegre com noite de conex\u00f5es e inspira\u00e7\u00e3o - Experi\u00eancias que conectam marcas, pessoas e momentos","isPartOf":{"@id":"https:\/\/diariodebordo.net\/#website"},"primaryImageOfPage":{"@id":"https:\/\/diariodebordo.net\/?p=34982#primaryimage"},"image":{"@id":"https:\/\/diariodebordo.net\/?p=34982#primaryimage"},"thumbnailUrl":"https:\/\/www.diariodebordo.net\/wp-content\/uploads\/2026\/05\/87A3122-scaled.jpeg","datePublished":"2026-05-03T04:21:03+00:00","breadcrumb":{"@id":"https:\/\/diariodebordo.net\/?p=34982#breadcrumb"},"inLanguage":"pt-BR","potentialAction":[{"@type":"ReadAction","target":["https:\/\/diariodebordo.net\/?p=34982"]}]},{"@type":"ImageObject","inLanguage":"pt-BR","@id":"https:\/\/diariodebordo.net\/?p=34982#primaryimage","url":"https:\/\/www.diariodebordo.net\/wp-content\/uploads\/2026\/05\/87A3122-scaled.jpeg","contentUrl":"https:\/\/www.diariodebordo.net\/wp-content\/uploads\/2026\/05\/87A3122-scaled.jpeg","width":1707,"height":2560},{"@type":"BreadcrumbList","@id":"https:\/\/diariodebordo.net\/?p=34982#breadcrumb","itemListElement":[{"@type":"ListItem","position":1,"name":"In\u00edcio","item":"https:\/\/diariodebordo.net\/"},{"@type":"ListItem","position":2,"name":"\u201cAtlas da Gest\u00e3o\u201d celebra lan\u00e7amento de sucesso em Porto Alegre com noite de conex\u00f5es e inspira\u00e7\u00e3o"}]},{"@type":"WebSite","@id":"https:\/\/diariodebordo.net\/#website","url":"https:\/\/diariodebordo.net\/","name":"Experi\u00eancias que conectam marcas, pessoas e momentos","description":"M\u00eddia, eventos e conte\u00fado em uma plataforma que gera presen\u00e7a, relev\u00e2ncia e movimento.","publisher":{"@id":"https:\/\/diariodebordo.net\/#organization"},"potentialAction":[{"@type":"SearchAction","target":{"@type":"EntryPoint","urlTemplate":"https:\/\/diariodebordo.net\/?s={search_term_string}"},"query-input":{"@type":"PropertyValueSpecification","valueRequired":true,"valueName":"search_term_string"}}],"inLanguage":"pt-BR"},{"@type":"Organization","@id":"https:\/\/diariodebordo.net\/#organization","name":"Experi\u00eancias que conectam marcas, pessoas e momentos","url":"https:\/\/diariodebordo.net\/","logo":{"@type":"ImageObject","inLanguage":"pt-BR","@id":"https:\/\/diariodebordo.net\/#\/schema\/logo\/image\/","url":"https:\/\/www.diariodebordo.net\/wp-content\/uploads\/2026\/04\/cropped-cropped-20260419_052322_0001-2.png","contentUrl":"https:\/\/www.diariodebordo.net\/wp-content\/uploads\/2026\/04\/cropped-cropped-20260419_052322_0001-2.png","width":512,"height":214,"caption":"Experi\u00eancias que conectam marcas, pessoas e momentos "},"image":{"@id":"https:\/\/diariodebordo.net\/#\/schema\/logo\/image\/"}},{"@type":"Person","@id":"https:\/\/diariodebordo.net\/#\/schema\/person\/2983b623551b91c75a103029fb634a78","name":"Thiago Soares","image":{"@type":"ImageObject","inLanguage":"pt-BR","@id":"https:\/\/diariodebordo.net\/wp-content\/uploads\/2022\/09\/cropped-image9-96x96.jpg","url":"https:\/\/diariodebordo.net\/wp-content\/uploads\/2022\/09\/cropped-image9-96x96.jpg","contentUrl":"https:\/\/diariodebordo.net\/wp-content\/uploads\/2022\/09\/cropped-image9-96x96.jpg","caption":"Thiago Soares"},"url":"https:\/\/www.diariodebordo.net\/?author=13"}]}},"_links":{"self":[{"href":"https:\/\/www.diariodebordo.net\/index.php?rest_route=\/wp\/v2\/posts\/34982","targetHints":{"allow":["GET"]}}],"collection":[{"href":"https:\/\/www.diariodebordo.net\/index.php?rest_route=\/wp\/v2\/posts"}],"about":[{"href":"https:\/\/www.diariodebordo.net\/index.php?rest_route=\/wp\/v2\/types\/post"}],"author":[{"embeddable":true,"href":"https:\/\/www.diariodebordo.net\/index.php?rest_route=\/wp\/v2\/users\/13"}],"replies":[{"embeddable":true,"href":"https:\/\/www.diariodebordo.net\/index.php?rest_route=%2Fwp%2Fv2%2Fcomments&post=34982"}],"version-history":[{"count":1,"href":"https:\/\/www.diariodebordo.net\/index.php?rest_route=\/wp\/v2\/posts\/34982\/revisions"}],"predecessor-version":[{"id":34984,"href":"https:\/\/www.diariodebordo.net\/index.php?rest_route=\/wp\/v2\/posts\/34982\/revisions\/34984"}],"wp:featuredmedia":[{"embeddable":true,"href":"https:\/\/www.diariodebordo.net\/index.php?rest_route=\/wp\/v2\/media\/34983"}],"wp:attachment":[{"href":"https:\/\/www.diariodebordo.net\/index.php?rest_route=%2Fwp%2Fv2%2Fmedia&parent=34982"}],"wp:term":[{"taxonomy":"category","embeddable":true,"href":"https:\/\/www.diariodebordo.net\/index.php?rest_route=%2Fwp%2Fv2%2Fcategories&post=34982"},{"taxonomy":"post_tag","embeddable":true,"href":"https:\/\/www.diariodebordo.net\/index.php?rest_route=%2Fwp%2Fv2%2Ftags&post=34982"}],"curies":[{"name":"wp","href":"https:\/\/api.w.org\/{rel}","templated":true}]}}