{"id":34948,"date":"2026-04-25T07:15:35","date_gmt":"2026-04-25T10:15:35","guid":{"rendered":"https:\/\/www.diariodebordo.net\/?p=34948"},"modified":"2026-04-25T07:15:35","modified_gmt":"2026-04-25T10:15:35","slug":"hotel-gaucho-e-eleito-o-melhor-hotel-boutique-do-brasil-em-premio-do-estadao","status":"publish","type":"post","link":"https:\/\/www.diariodebordo.net\/?p=34948","title":{"rendered":"Hotel ga\u00facho \u00e9 eleito o melhor hotel boutique do Brasil em pr\u00eamio do Estad\u00e3o"},"content":{"rendered":"<div>O Parador Cambar\u00e1 do Sul, empreendimento da Cole\u00e7\u00e3o Casa Hot\u00e9is, foi eleito\u00a0<b>o melhor hotel boutique do Brasil\u00a0<\/b>no\u00a0<i>Pr\u00eamio O Melhor do Turismo Brasileiro<\/i><b>, promovido pelo Estad\u00e3o, por meio do Viagem Estad\u00e3o<\/b>. O an\u00fancio foi feito na noite desta quinta-feira (23), durante cerim\u00f4nia no Wish Foz do Igua\u00e7u, reunindo representantes do setor tur\u00edstico nacional.<\/div>\n<div><\/div>\n<div>Instalado em Cambar\u00e1 do Sul, na regi\u00e3o dos c\u00e2nions ga\u00fachos, o Parador liderou sua categoria ao superar dois nomes consolidados do setor: o Barracuda Hotel (Itacar\u00e9 &#8211; BA), segundo colocado, e o Clara Arte (Inhotim &#8211; MG), em terceiro.<\/div>\n<div><\/div>\n<div>Para Rafael Peccin, diretor de marketing da Casa Hot\u00e9is, o resultado consolida uma estrat\u00e9gia de posicionamento constru\u00edda ao longo de duas d\u00e9cadas:<\/div>\n<div><i>\u201cConquistar o primeiro lugar como melhor hotel boutique do Brasil em uma premia\u00e7\u00e3o de alcance nacional, promovida por um ve\u00edculo da relev\u00e2ncia do Estad\u00e3o, \u00e9 o resultado de um trabalho consistente de mais de 20 anos. Nosso prop\u00f3sito sempre foi oferecer uma experi\u00eancia diferenciada em um destino ainda pouco explorado, mas com enorme potencial tur\u00edstico.\u201d<\/i><\/div>\n<div><\/div>\n<div>A premia\u00e7\u00e3o reconhece iniciativas que contribuem para a qualifica\u00e7\u00e3o do turismo no Brasil. A metodologia foi desenvolvida pela FIA Business School, com base em indicadores quantitativos e qualitativos, em parceria com a RTSC Holding.<\/div>\n<div><\/div>\n<div><b>Pioneirismo e turismo de experi\u00eancia como diferencial competitivo<\/b><\/div>\n<div><\/div>\n<div>Localizado na Fazenda Camarinhas, em \u00e1rea de preserva\u00e7\u00e3o natural, o Parador foi\u00a0<b>o primeiro hotel do Brasil a adotar o conceito de glamping<\/b>, modelo que combina o contato direto com a natureza ao padr\u00e3o de conforto da hotelaria de alto n\u00edvel. O empreendimento oferece hospedagem em estruturas como cabanas, chal\u00e9s, bangal\u00f4s e casulos, integradas \u00e0 paisagem.<\/div>\n<div><\/div>\n<div>Entre os diferenciais est\u00e3o as\u00a0<b>imers\u00f5es mensais de observa\u00e7\u00e3o de estrelas<\/b>, que transformam a estadia em uma experi\u00eancia astron\u00f4mica imersiva. Realizadas em um dos pontos com menor polui\u00e7\u00e3o luminosa do Sul do Brasil, as atividades combinam contempla\u00e7\u00e3o a olho nu permitindo a identifica\u00e7\u00e3o de constela\u00e7\u00f5es, planetas e fen\u00f4menos celestes. A condu\u00e7\u00e3o \u00e9 do especialista Egon Filter, que classifica a viv\u00eancia como uma das cinco melhores experi\u00eancias de observa\u00e7\u00e3o de estrelas do mundo \u2014 um programa que alia ci\u00eancia, natureza e sensorialidade em um ambiente de sil\u00eancio absoluto e c\u00e9u limpo.<\/div>\n<div><\/div>\n<div>Outro destaque \u00e9 a Queijaria Campo Nativo, onde est\u00e1 instalado o primeiro\u00a0<b>Centro de Matura\u00e7\u00e3o de Queijo Serrano<\/b>, considerado \u00fanico no Brasil. O espa\u00e7o atua na preserva\u00e7\u00e3o e valoriza\u00e7\u00e3o de um dos produtos mais tradicionais dos Campos de Cima da Serra, incorporando a gastronomia regional \u00e0 experi\u00eancia do h\u00f3spede.<\/div>\n<div><\/div>\n<div>A opera\u00e7\u00e3o gastron\u00f4mica \u00e9 conduzida pelo\u00a0<b>Restaurante Alma RS<\/b>, que oferece caf\u00e9 da manh\u00e3 incluso nas di\u00e1rias e servi\u00e7o completo de almo\u00e7o e jantar. O card\u00e1pio \u00e9 assinado pelo chef Vladmir Paiva, com foco em ingredientes locais e t\u00e9cnicas que valorizam a identidade regional. O restaurante amplia sua proposta com\u00a0<b>imers\u00f5es gastron\u00f4micas voltadas aos universos dos cogumelos e da carne<\/b>..<\/div>\n<div><\/div>\n<div><b>Principais pr\u00eamios do Parador Cambar\u00e1 do Sul<\/b><\/div>\n<div><\/div>\n<div>O Parador Cambar\u00e1 do Sul acumula uma trajet\u00f3ria consistente de reconhecimentos no setor de turismo e hospitalidade. O pr\u00eamio do Estad\u00e3o se soma a outros reconhecimentos do empreendimento, que incluem Melhor hotel de serra do Brasil (duas vezes) pela Viagem e Turismo e presen\u00e7a entre os 25 melhores hot\u00e9is do pa\u00eds pela Revista Exame.<\/div>\n<div>Al\u00e9m dos pr\u00eamios formais, o Parador acumula indicadores relevantes de reputa\u00e7\u00e3o, como avalia\u00e7\u00f5es elevadas em plataformas como Tripadvisor, com notas pr\u00f3ximas \u00e0 excel\u00eancia, e reconhecimento como refer\u00eancia nacional em\u00a0<b>glamping de luxo<\/b>, segmento ainda pouco explorado no Brasil.<\/div>\n<div><\/div>\n<div>Inaugurado em 2001 apenas como restaurante, e em 2003 como hotel, o Parador Cambar\u00e1 do Sul integra a Cole\u00e7\u00e3o Casa Hot\u00e9is, respons\u00e1vel por alguns dos empreendimentos mais reconhecidos do Rio Grande do Sul, como o Hotel Casa da Montanha, o Wood Hotel e o Petit Casa da Montanha, todos em Gramado.<\/div>\n<div><\/div>\n<div>Mais informa\u00e7\u00f5es em\u00a0<a id=\"m_5976069517706759876OWAbdaaef52-8778-eb25-768e-11bbbe7464cd\" href=\"https:\/\/www.paradorcasahoteis.com.br\/\" target=\"_blank\" rel=\"noopener noreferrer\" data-saferedirecturl=\"https:\/\/www.google.com\/url?q=https:\/\/www.paradorcasahoteis.com.br\/&amp;source=gmail&amp;ust=1777197996221000&amp;usg=AOvVaw3nKfQ21vFmPZeVbQ5CSo3M\"><u>https:\/\/www.paradorcasahoteis.<wbr \/>com.br\/<\/u><\/a><\/div>\n<div><\/div>\n<div><i>Informa\u00e7\u00f5es Imprensa: Tati Feldens | (51) 9.9836.8652<\/i><\/div>\n<div>2<div id='gallery-1' class='gallery galleryid-34948 gallery-columns-2 gallery-size-medium'><figure class='gallery-item'>\n\t\t\t<div class='gallery-icon landscape'>\n\t\t\t\t<a href='https:\/\/www.diariodebordo.net\/?attachment_id=34952'><img loading=\"lazy\" decoding=\"async\" width=\"300\" height=\"169\" src=\"https:\/\/www.diariodebordo.net\/wp-content\/uploads\/2026\/04\/Premio-Parador-2-300x169.jpg\" class=\"attachment-medium size-medium\" alt=\"\" \/><\/a>\n\t\t\t<\/div><\/figure><figure class='gallery-item'>\n\t\t\t<div class='gallery-icon landscape'>\n\t\t\t\t<a href='https:\/\/www.diariodebordo.net\/?attachment_id=34951'><img loading=\"lazy\" decoding=\"async\" width=\"300\" height=\"225\" src=\"https:\/\/www.diariodebordo.net\/wp-content\/uploads\/2026\/04\/DJI_0042-HDR-300x225.jpg\" class=\"attachment-medium size-medium\" alt=\"\" \/><\/a>\n\t\t\t<\/div><\/figure><figure class='gallery-item'>\n\t\t\t<div class='gallery-icon landscape'>\n\t\t\t\t<a href='https:\/\/www.diariodebordo.net\/?attachment_id=34950'><img loading=\"lazy\" decoding=\"async\" width=\"300\" height=\"200\" src=\"https:\/\/www.diariodebordo.net\/wp-content\/uploads\/2026\/04\/IMG_7235-300x200.jpg\" class=\"attachment-medium size-medium\" alt=\"\" \/><\/a>\n\t\t\t<\/div><\/figure><figure class='gallery-item'>\n\t\t\t<div class='gallery-icon landscape'>\n\t\t\t\t<a href='https:\/\/www.diariodebordo.net\/?attachment_id=34949'><img loading=\"lazy\" decoding=\"async\" width=\"300\" height=\"225\" src=\"https:\/\/www.diariodebordo.net\/wp-content\/uploads\/2026\/04\/Premio-Parador-1-300x225.jpg\" class=\"attachment-medium size-medium\" alt=\"\" \/><\/a>\n\t\t\t<\/div><\/figure>\n\t\t<\/div>\n<\/p>\n<\/div>\n<div><\/div>\n","protected":false},"excerpt":{"rendered":"<p>O Parador Cambar\u00e1 do Sul, empreendimento da Cole\u00e7\u00e3o Casa Hot\u00e9is, foi eleito\u00a0o melhor hotel boutique do Brasil\u00a0no\u00a0Pr\u00eamio O Melhor do Turismo Brasileiro, promovido pelo Estad\u00e3o, por meio do Viagem Estad\u00e3o. O an\u00fancio foi feito na noite desta quinta-feira (23), durante cerim\u00f4nia no Wish Foz do Igua\u00e7u, reunindo representantes do setor tur\u00edstico nacional. Instalado em Cambar\u00e1<\/p>\n","protected":false},"author":13,"featured_media":34953,"comment_status":"open","ping_status":"open","sticky":true,"template":"","format":"standard","meta":{"_eb_attr":"","inline_featured_image":false,"_joinchat":[],"footnotes":""},"categories":[157,117,63,88,119,66,65,187,133,102,181],"tags":[],"class_list":["post-34948","post","type-post","status-publish","format-standard","has-post-thumbnail","hentry","category-capital-gaucha","category-decoracao","category-destaques","category-empresarial","category-eventos","category-lancamentos","category-noticia-recente","category-rio-grande-do-sul","category-serra-gaucha","category-viagens","category-vips"],"acf":[],"yoast_head":"<!-- This site is optimized with the Yoast SEO plugin v19.7.1 - https:\/\/yoast.com\/wordpress\/plugins\/seo\/ -->\n<title>Hotel ga\u00facho \u00e9 eleito o melhor hotel boutique do Brasil em pr\u00eamio do Estad\u00e3o - Experi\u00eancias que conectam marcas, pessoas e momentos<\/title>\n<meta name=\"robots\" content=\"index, follow, max-snippet:-1, max-image-preview:large, max-video-preview:-1\" \/>\n<link rel=\"canonical\" href=\"https:\/\/www.diariodebordo.net\/?p=34948\" \/>\n<meta property=\"og:locale\" content=\"pt_BR\" \/>\n<meta property=\"og:type\" content=\"article\" \/>\n<meta property=\"og:title\" content=\"Hotel ga\u00facho \u00e9 eleito o melhor hotel boutique do Brasil em pr\u00eamio do Estad\u00e3o - Experi\u00eancias que conectam marcas, pessoas e momentos\" \/>\n<meta property=\"og:description\" content=\"O Parador Cambar\u00e1 do Sul, empreendimento da Cole\u00e7\u00e3o Casa Hot\u00e9is, foi eleito\u00a0o melhor hotel boutique do Brasil\u00a0no\u00a0Pr\u00eamio O Melhor do Turismo Brasileiro, promovido pelo Estad\u00e3o, por meio do Viagem Estad\u00e3o. O an\u00fancio foi feito na noite desta quinta-feira (23), durante cerim\u00f4nia no Wish Foz do Igua\u00e7u, reunindo representantes do setor tur\u00edstico nacional. Instalado em Cambar\u00e1\" \/>\n<meta property=\"og:url\" content=\"https:\/\/www.diariodebordo.net\/?p=34948\" \/>\n<meta property=\"og:site_name\" content=\"Experi\u00eancias que conectam marcas, pessoas e momentos\" \/>\n<meta property=\"article:published_time\" content=\"2026-04-25T10:15:35+00:00\" \/>\n<meta property=\"og:image\" content=\"https:\/\/www.diariodebordo.net\/wp-content\/uploads\/2026\/04\/Premio-Parador-3.jpg\" \/>\n\t<meta property=\"og:image:width\" content=\"1280\" \/>\n\t<meta property=\"og:image:height\" content=\"720\" \/>\n\t<meta property=\"og:image:type\" content=\"image\/jpeg\" \/>\n<meta name=\"author\" content=\"Thiago Soares\" \/>\n<meta name=\"twitter:card\" content=\"summary_large_image\" \/>\n<meta name=\"twitter:label1\" content=\"Escrito por\" \/>\n\t<meta name=\"twitter:data1\" content=\"Thiago Soares\" \/>\n\t<meta name=\"twitter:label2\" content=\"Est. tempo de leitura\" \/>\n\t<meta name=\"twitter:data2\" content=\"4 minutos\" \/>\n<script type=\"application\/ld+json\" class=\"yoast-schema-graph\">{\"@context\":\"https:\/\/schema.org\",\"@graph\":[{\"@type\":\"Article\",\"@id\":\"https:\/\/www.diariodebordo.net\/?p=34948#article\",\"isPartOf\":{\"@id\":\"https:\/\/www.diariodebordo.net\/?p=34948\"},\"author\":{\"name\":\"Thiago Soares\",\"@id\":\"http:\/\/diariodebordo.net\/#\/schema\/person\/2983b623551b91c75a103029fb634a78\"},\"headline\":\"Hotel ga\u00facho \u00e9 eleito o melhor hotel boutique do Brasil em pr\u00eamio do Estad\u00e3o\",\"datePublished\":\"2026-04-25T10:15:35+00:00\",\"dateModified\":\"2026-04-25T10:15:35+00:00\",\"mainEntityOfPage\":{\"@id\":\"https:\/\/www.diariodebordo.net\/?p=34948\"},\"wordCount\":719,\"commentCount\":0,\"publisher\":{\"@id\":\"http:\/\/diariodebordo.net\/#organization\"},\"articleSection\":[\"CAPITAL GA\u00daCHA\",\"DECORA\u00c7\u00c3O\",\"DESTAQUES\",\"EMPRESARIAL\",\"EVENTOS\",\"LAN\u00c7AMENTOS\",\"NOT\u00cdCIA RECENTE\",\"Rio Grande do Sul\",\"Serra Ga\u00facha\",\"Viagens\",\"VIPs\"],\"inLanguage\":\"pt-BR\",\"potentialAction\":[{\"@type\":\"CommentAction\",\"name\":\"Comment\",\"target\":[\"https:\/\/www.diariodebordo.net\/?p=34948#respond\"]}]},{\"@type\":\"WebPage\",\"@id\":\"https:\/\/www.diariodebordo.net\/?p=34948\",\"url\":\"https:\/\/www.diariodebordo.net\/?p=34948\",\"name\":\"Hotel ga\u00facho \u00e9 eleito o melhor hotel boutique do Brasil em pr\u00eamio do Estad\u00e3o - Experi\u00eancias que conectam marcas, pessoas e momentos\",\"isPartOf\":{\"@id\":\"http:\/\/diariodebordo.net\/#website\"},\"datePublished\":\"2026-04-25T10:15:35+00:00\",\"dateModified\":\"2026-04-25T10:15:35+00:00\",\"breadcrumb\":{\"@id\":\"https:\/\/www.diariodebordo.net\/?p=34948#breadcrumb\"},\"inLanguage\":\"pt-BR\",\"potentialAction\":[{\"@type\":\"ReadAction\",\"target\":[\"https:\/\/www.diariodebordo.net\/?p=34948\"]}]},{\"@type\":\"BreadcrumbList\",\"@id\":\"https:\/\/www.diariodebordo.net\/?p=34948#breadcrumb\",\"itemListElement\":[{\"@type\":\"ListItem\",\"position\":1,\"name\":\"In\u00edcio\",\"item\":\"http:\/\/diariodebordo.net\/\"},{\"@type\":\"ListItem\",\"position\":2,\"name\":\"Hotel ga\u00facho \u00e9 eleito o melhor hotel boutique do Brasil em pr\u00eamio do Estad\u00e3o\"}]},{\"@type\":\"WebSite\",\"@id\":\"http:\/\/diariodebordo.net\/#website\",\"url\":\"http:\/\/diariodebordo.net\/\",\"name\":\"Experi\u00eancias que conectam marcas, pessoas e momentos\",\"description\":\"M\u00eddia, eventos e conte\u00fado em uma plataforma que gera presen\u00e7a, relev\u00e2ncia e movimento.\",\"publisher\":{\"@id\":\"http:\/\/diariodebordo.net\/#organization\"},\"potentialAction\":[{\"@type\":\"SearchAction\",\"target\":{\"@type\":\"EntryPoint\",\"urlTemplate\":\"http:\/\/diariodebordo.net\/?s={search_term_string}\"},\"query-input\":\"required name=search_term_string\"}],\"inLanguage\":\"pt-BR\"},{\"@type\":\"Organization\",\"@id\":\"http:\/\/diariodebordo.net\/#organization\",\"name\":\"Experi\u00eancias que conectam marcas, pessoas e momentos\",\"url\":\"http:\/\/diariodebordo.net\/\",\"sameAs\":[],\"logo\":{\"@type\":\"ImageObject\",\"inLanguage\":\"pt-BR\",\"@id\":\"http:\/\/diariodebordo.net\/#\/schema\/logo\/image\/\",\"url\":\"https:\/\/www.diariodebordo.net\/wp-content\/uploads\/2026\/04\/cropped-cropped-20260419_052322_0001-2.png\",\"contentUrl\":\"https:\/\/www.diariodebordo.net\/wp-content\/uploads\/2026\/04\/cropped-cropped-20260419_052322_0001-2.png\",\"width\":512,\"height\":214,\"caption\":\"Experi\u00eancias que conectam marcas, pessoas e momentos \"},\"image\":{\"@id\":\"http:\/\/diariodebordo.net\/#\/schema\/logo\/image\/\"}},{\"@type\":\"Person\",\"@id\":\"http:\/\/diariodebordo.net\/#\/schema\/person\/2983b623551b91c75a103029fb634a78\",\"name\":\"Thiago Soares\",\"image\":{\"@type\":\"ImageObject\",\"inLanguage\":\"pt-BR\",\"@id\":\"http:\/\/diariodebordo.net\/#\/schema\/person\/image\/\",\"url\":\"https:\/\/diariodebordo.net\/wp-content\/uploads\/2022\/09\/cropped-image9-96x96.jpg\",\"contentUrl\":\"https:\/\/diariodebordo.net\/wp-content\/uploads\/2022\/09\/cropped-image9-96x96.jpg\",\"caption\":\"Thiago Soares\"},\"url\":\"https:\/\/www.diariodebordo.net\/?author=13\"}]}<\/script>\n<!-- \/ Yoast SEO plugin. -->","yoast_head_json":{"title":"Hotel ga\u00facho \u00e9 eleito o melhor hotel boutique do Brasil em pr\u00eamio do Estad\u00e3o - Experi\u00eancias que conectam marcas, pessoas e momentos","robots":{"index":"index","follow":"follow","max-snippet":"max-snippet:-1","max-image-preview":"max-image-preview:large","max-video-preview":"max-video-preview:-1"},"canonical":"https:\/\/www.diariodebordo.net\/?p=34948","og_locale":"pt_BR","og_type":"article","og_title":"Hotel ga\u00facho \u00e9 eleito o melhor hotel boutique do Brasil em pr\u00eamio do Estad\u00e3o - Experi\u00eancias que conectam marcas, pessoas e momentos","og_description":"O Parador Cambar\u00e1 do Sul, empreendimento da Cole\u00e7\u00e3o Casa Hot\u00e9is, foi eleito\u00a0o melhor hotel boutique do Brasil\u00a0no\u00a0Pr\u00eamio O Melhor do Turismo Brasileiro, promovido pelo Estad\u00e3o, por meio do Viagem Estad\u00e3o. O an\u00fancio foi feito na noite desta quinta-feira (23), durante cerim\u00f4nia no Wish Foz do Igua\u00e7u, reunindo representantes do setor tur\u00edstico nacional. Instalado em Cambar\u00e1","og_url":"https:\/\/www.diariodebordo.net\/?p=34948","og_site_name":"Experi\u00eancias que conectam marcas, pessoas e momentos","article_published_time":"2026-04-25T10:15:35+00:00","og_image":[{"width":1280,"height":720,"url":"https:\/\/www.diariodebordo.net\/wp-content\/uploads\/2026\/04\/Premio-Parador-3.jpg","type":"image\/jpeg"}],"author":"Thiago Soares","twitter_card":"summary_large_image","twitter_misc":{"Escrito por":"Thiago Soares","Est. tempo de leitura":"4 minutos"},"schema":{"@context":"https:\/\/schema.org","@graph":[{"@type":"Article","@id":"https:\/\/www.diariodebordo.net\/?p=34948#article","isPartOf":{"@id":"https:\/\/www.diariodebordo.net\/?p=34948"},"author":{"name":"Thiago Soares","@id":"http:\/\/diariodebordo.net\/#\/schema\/person\/2983b623551b91c75a103029fb634a78"},"headline":"Hotel ga\u00facho \u00e9 eleito o melhor hotel boutique do Brasil em pr\u00eamio do Estad\u00e3o","datePublished":"2026-04-25T10:15:35+00:00","dateModified":"2026-04-25T10:15:35+00:00","mainEntityOfPage":{"@id":"https:\/\/www.diariodebordo.net\/?p=34948"},"wordCount":719,"commentCount":0,"publisher":{"@id":"http:\/\/diariodebordo.net\/#organization"},"articleSection":["CAPITAL GA\u00daCHA","DECORA\u00c7\u00c3O","DESTAQUES","EMPRESARIAL","EVENTOS","LAN\u00c7AMENTOS","NOT\u00cdCIA RECENTE","Rio Grande do Sul","Serra Ga\u00facha","Viagens","VIPs"],"inLanguage":"pt-BR","potentialAction":[{"@type":"CommentAction","name":"Comment","target":["https:\/\/www.diariodebordo.net\/?p=34948#respond"]}]},{"@type":"WebPage","@id":"https:\/\/www.diariodebordo.net\/?p=34948","url":"https:\/\/www.diariodebordo.net\/?p=34948","name":"Hotel ga\u00facho \u00e9 eleito o melhor hotel boutique do Brasil em pr\u00eamio do Estad\u00e3o - Experi\u00eancias que conectam marcas, pessoas e momentos","isPartOf":{"@id":"http:\/\/diariodebordo.net\/#website"},"datePublished":"2026-04-25T10:15:35+00:00","dateModified":"2026-04-25T10:15:35+00:00","breadcrumb":{"@id":"https:\/\/www.diariodebordo.net\/?p=34948#breadcrumb"},"inLanguage":"pt-BR","potentialAction":[{"@type":"ReadAction","target":["https:\/\/www.diariodebordo.net\/?p=34948"]}]},{"@type":"BreadcrumbList","@id":"https:\/\/www.diariodebordo.net\/?p=34948#breadcrumb","itemListElement":[{"@type":"ListItem","position":1,"name":"In\u00edcio","item":"http:\/\/diariodebordo.net\/"},{"@type":"ListItem","position":2,"name":"Hotel ga\u00facho \u00e9 eleito o melhor hotel boutique do Brasil em pr\u00eamio do Estad\u00e3o"}]},{"@type":"WebSite","@id":"http:\/\/diariodebordo.net\/#website","url":"http:\/\/diariodebordo.net\/","name":"Experi\u00eancias que conectam marcas, pessoas e momentos","description":"M\u00eddia, eventos e conte\u00fado em uma plataforma que gera presen\u00e7a, relev\u00e2ncia e movimento.","publisher":{"@id":"http:\/\/diariodebordo.net\/#organization"},"potentialAction":[{"@type":"SearchAction","target":{"@type":"EntryPoint","urlTemplate":"http:\/\/diariodebordo.net\/?s={search_term_string}"},"query-input":"required name=search_term_string"}],"inLanguage":"pt-BR"},{"@type":"Organization","@id":"http:\/\/diariodebordo.net\/#organization","name":"Experi\u00eancias que conectam marcas, pessoas e momentos","url":"http:\/\/diariodebordo.net\/","sameAs":[],"logo":{"@type":"ImageObject","inLanguage":"pt-BR","@id":"http:\/\/diariodebordo.net\/#\/schema\/logo\/image\/","url":"https:\/\/www.diariodebordo.net\/wp-content\/uploads\/2026\/04\/cropped-cropped-20260419_052322_0001-2.png","contentUrl":"https:\/\/www.diariodebordo.net\/wp-content\/uploads\/2026\/04\/cropped-cropped-20260419_052322_0001-2.png","width":512,"height":214,"caption":"Experi\u00eancias que conectam marcas, pessoas e momentos "},"image":{"@id":"http:\/\/diariodebordo.net\/#\/schema\/logo\/image\/"}},{"@type":"Person","@id":"http:\/\/diariodebordo.net\/#\/schema\/person\/2983b623551b91c75a103029fb634a78","name":"Thiago Soares","image":{"@type":"ImageObject","inLanguage":"pt-BR","@id":"http:\/\/diariodebordo.net\/#\/schema\/person\/image\/","url":"https:\/\/diariodebordo.net\/wp-content\/uploads\/2022\/09\/cropped-image9-96x96.jpg","contentUrl":"https:\/\/diariodebordo.net\/wp-content\/uploads\/2022\/09\/cropped-image9-96x96.jpg","caption":"Thiago Soares"},"url":"https:\/\/www.diariodebordo.net\/?author=13"}]}},"_links":{"self":[{"href":"https:\/\/www.diariodebordo.net\/index.php?rest_route=\/wp\/v2\/posts\/34948","targetHints":{"allow":["GET"]}}],"collection":[{"href":"https:\/\/www.diariodebordo.net\/index.php?rest_route=\/wp\/v2\/posts"}],"about":[{"href":"https:\/\/www.diariodebordo.net\/index.php?rest_route=\/wp\/v2\/types\/post"}],"author":[{"embeddable":true,"href":"https:\/\/www.diariodebordo.net\/index.php?rest_route=\/wp\/v2\/users\/13"}],"replies":[{"embeddable":true,"href":"https:\/\/www.diariodebordo.net\/index.php?rest_route=%2Fwp%2Fv2%2Fcomments&post=34948"}],"version-history":[{"count":1,"href":"https:\/\/www.diariodebordo.net\/index.php?rest_route=\/wp\/v2\/posts\/34948\/revisions"}],"predecessor-version":[{"id":34954,"href":"https:\/\/www.diariodebordo.net\/index.php?rest_route=\/wp\/v2\/posts\/34948\/revisions\/34954"}],"wp:featuredmedia":[{"embeddable":true,"href":"https:\/\/www.diariodebordo.net\/index.php?rest_route=\/wp\/v2\/media\/34953"}],"wp:attachment":[{"href":"https:\/\/www.diariodebordo.net\/index.php?rest_route=%2Fwp%2Fv2%2Fmedia&parent=34948"}],"wp:term":[{"taxonomy":"category","embeddable":true,"href":"https:\/\/www.diariodebordo.net\/index.php?rest_route=%2Fwp%2Fv2%2Fcategories&post=34948"},{"taxonomy":"post_tag","embeddable":true,"href":"https:\/\/www.diariodebordo.net\/index.php?rest_route=%2Fwp%2Fv2%2Ftags&post=34948"}],"curies":[{"name":"wp","href":"https:\/\/api.w.org\/{rel}","templated":true}]}}