{"id":34914,"date":"2026-04-20T17:42:03","date_gmt":"2026-04-20T20:42:03","guid":{"rendered":"http:\/\/www.diariodebordo.net\/?p=34914"},"modified":"2026-04-20T17:42:03","modified_gmt":"2026-04-20T20:42:03","slug":"onde-a-historia-permanece-o-valor-se-revela","status":"publish","type":"post","link":"https:\/\/www.diariodebordo.net\/?p=34914","title":{"rendered":"Onde a hist\u00f3ria permanece, o valor se revela"},"content":{"rendered":"<p style=\"text-align: center;\"><strong>Vest\u00edgios do s\u00e9culo XVIII conectam o Aurora \u00e0 origem missioneira de Santo \u00c2ngelo<\/strong><\/p>\n<p>Durante as escava\u00e7\u00f5es para a constru\u00e7\u00e3o de um empreendimento residencial em Santo \u00c2ngelo, vieram \u00e0 tona vest\u00edgios arqueol\u00f3gicos do s\u00e9culo XVIII, diretamente associados \u00e0 antiga Redu\u00e7\u00e3o Jesu\u00edtico-Guarani de Santo \u00c2ngelo Cust\u00f3dio.<\/p>\n<p>Elementos como ladrilhos missioneiros e fragmentos cer\u00e2micos revelam que, sob o solo urbano contempor\u00e2neo, permanecem marcas de um dos ciclos mais relevantes da forma\u00e7\u00e3o cultural do sul do Brasil.<\/p>\n<p>Santo \u00c2ngelo \u00e9 herdeira direta dos Sete Povos das Miss\u00f5es \u2014 um conjunto de redu\u00e7\u00f5es fundadas por jesu\u00edtas e ind\u00edgenas Guaranis entre os s\u00e9culos XVII e XVIII, cuja estrutura social, cultural e urbana deixou marcas permanentes na arquitetura, na identidade e no imagin\u00e1rio da regi\u00e3o.<\/p>\n<p>Essa heran\u00e7a n\u00e3o est\u00e1 apenas nos registros hist\u00f3ricos.<br \/>\nEla se manifesta no territ\u00f3rio.<\/p>\n<p>A poucos passos dali, a Catedral Angelopolitana se imp\u00f5e como s\u00edmbolo dessa continuidade \u2014 erguida no mesmo local da antiga redu\u00e7\u00e3o, preservando em sua ess\u00eancia a mem\u00f3ria missioneira e a espiritualidade que atravessa gera\u00e7\u00f5es.<\/p>\n<p>Aurora.<br \/>\nDo latim aurum, ouro \u2014 aquilo que nasce para brilhar.<\/p>\n<p>Mais do que um empreendimento, estabelece-se como parte de um contexto onde hist\u00f3ria, cultura e presen\u00e7a se entrela\u00e7am.<\/p>\n<p>Um endere\u00e7o onde o passado n\u00e3o se perdeu \u2014 permanece, sustenta e valoriza.\u00a0 O novo sucesso de vendas da Azevedos Empreendimentos reafirma sua atua\u00e7\u00e3o no segmento de alto padr\u00e3o no Rio Grande do Sul e em Santa Catarina.<\/p>\n<p>&nbsp;<\/p>\n<p style=\"text-align: left;\"><strong>Contato para investimentos em Santos \u00c2ngelo: (51) 9 8234-7663 (Thiago Soares)<\/strong><\/p>\n<p>&nbsp;<\/p>\n<p><img loading=\"lazy\" decoding=\"async\" class=\"aligncenter size-medium wp-image-34916\" src=\"https:\/\/www.diariodebordo.net\/wp-content\/uploads\/2026\/04\/Elegancia-design-conforto-e-sofisticacao-para-viver-a-excelencia-no-corac_20260420_172608_0000-300x200.png\" alt=\"\" width=\"300\" height=\"200\" srcset=\"https:\/\/www.diariodebordo.net\/wp-content\/uploads\/2026\/04\/Elegancia-design-conforto-e-sofisticacao-para-viver-a-excelencia-no-corac_20260420_172608_0000-300x200.png 300w, https:\/\/www.diariodebordo.net\/wp-content\/uploads\/2026\/04\/Elegancia-design-conforto-e-sofisticacao-para-viver-a-excelencia-no-corac_20260420_172608_0000-1024x683.png 1024w, https:\/\/www.diariodebordo.net\/wp-content\/uploads\/2026\/04\/Elegancia-design-conforto-e-sofisticacao-para-viver-a-excelencia-no-corac_20260420_172608_0000-768x512.png 768w, https:\/\/www.diariodebordo.net\/wp-content\/uploads\/2026\/04\/Elegancia-design-conforto-e-sofisticacao-para-viver-a-excelencia-no-corac_20260420_172608_0000-150x100.png 150w, https:\/\/www.diariodebordo.net\/wp-content\/uploads\/2026\/04\/Elegancia-design-conforto-e-sofisticacao-para-viver-a-excelencia-no-corac_20260420_172608_0000-330x220.png 330w, https:\/\/www.diariodebordo.net\/wp-content\/uploads\/2026\/04\/Elegancia-design-conforto-e-sofisticacao-para-viver-a-excelencia-no-corac_20260420_172608_0000-420x280.png 420w, https:\/\/www.diariodebordo.net\/wp-content\/uploads\/2026\/04\/Elegancia-design-conforto-e-sofisticacao-para-viver-a-excelencia-no-corac_20260420_172608_0000-510x340.png 510w, https:\/\/www.diariodebordo.net\/wp-content\/uploads\/2026\/04\/Elegancia-design-conforto-e-sofisticacao-para-viver-a-excelencia-no-corac_20260420_172608_0000-860x570.png 860w, https:\/\/www.diariodebordo.net\/wp-content\/uploads\/2026\/04\/Elegancia-design-conforto-e-sofisticacao-para-viver-a-excelencia-no-corac_20260420_172608_0000.png 1536w\" sizes=\"auto, (max-width: 300px) 100vw, 300px\" \/><\/p>\n","protected":false},"excerpt":{"rendered":"<p>Vest\u00edgios do s\u00e9culo XVIII conectam o Aurora \u00e0 origem missioneira de Santo \u00c2ngelo Durante as escava\u00e7\u00f5es para a constru\u00e7\u00e3o de um empreendimento residencial em Santo \u00c2ngelo, vieram \u00e0 tona vest\u00edgios arqueol\u00f3gicos do s\u00e9culo XVIII, diretamente associados \u00e0 antiga Redu\u00e7\u00e3o Jesu\u00edtico-Guarani de Santo \u00c2ngelo Cust\u00f3dio. Elementos como ladrilhos missioneiros e fragmentos cer\u00e2micos revelam que, sob o<\/p>\n","protected":false},"author":13,"featured_media":34916,"comment_status":"open","ping_status":"open","sticky":true,"template":"","format":"standard","meta":{"_eb_attr":"","inline_featured_image":false,"_joinchat":[],"footnotes":""},"categories":[185,68,63,1,88,66,65,102,181],"tags":[],"class_list":["post-34914","post","type-post","status-publish","format-standard","has-post-thumbnail","hentry","category-brasil","category-cultura","category-destaques","category-dia-a-dia","category-empresarial","category-lancamentos","category-noticia-recente","category-viagens","category-vips"],"acf":[],"yoast_head":"<!-- This site is optimized with the Yoast SEO plugin v27.5 - https:\/\/yoast.com\/product\/yoast-seo-wordpress\/ -->\n<title>Onde a hist\u00f3ria permanece, o valor se revela - Experi\u00eancias que conectam marcas, pessoas e momentos<\/title>\n<meta name=\"robots\" content=\"index, follow, max-snippet:-1, max-image-preview:large, max-video-preview:-1\" \/>\n<link rel=\"canonical\" href=\"http:\/\/diariodebordo.net\/?p=34914\" \/>\n<meta property=\"og:locale\" content=\"pt_BR\" \/>\n<meta property=\"og:type\" content=\"article\" \/>\n<meta property=\"og:title\" content=\"Onde a hist\u00f3ria permanece, o valor se revela - Experi\u00eancias que conectam marcas, pessoas e momentos\" \/>\n<meta property=\"og:description\" content=\"Vest\u00edgios do s\u00e9culo XVIII conectam o Aurora \u00e0 origem missioneira de Santo \u00c2ngelo Durante as escava\u00e7\u00f5es para a constru\u00e7\u00e3o de um empreendimento residencial em Santo \u00c2ngelo, vieram \u00e0 tona vest\u00edgios arqueol\u00f3gicos do s\u00e9culo XVIII, diretamente associados \u00e0 antiga Redu\u00e7\u00e3o Jesu\u00edtico-Guarani de Santo \u00c2ngelo Cust\u00f3dio. Elementos como ladrilhos missioneiros e fragmentos cer\u00e2micos revelam que, sob o\" \/>\n<meta property=\"og:url\" content=\"http:\/\/diariodebordo.net\/?p=34914\" \/>\n<meta property=\"og:site_name\" content=\"Experi\u00eancias que conectam marcas, pessoas e momentos\" \/>\n<meta property=\"article:published_time\" content=\"2026-04-20T20:42:03+00:00\" \/>\n<meta property=\"og:image\" content=\"http:\/\/diariodebordo.net\/wp-content\/uploads\/2026\/04\/Elegancia-design-conforto-e-sofisticacao-para-viver-a-excelencia-no-corac_20260420_172608_0000-1024x683.png\" \/>\n\t<meta property=\"og:image:width\" content=\"1024\" \/>\n\t<meta property=\"og:image:height\" content=\"683\" \/>\n\t<meta property=\"og:image:type\" content=\"image\/png\" \/>\n<meta name=\"author\" content=\"Thiago Soares\" \/>\n<meta name=\"twitter:card\" content=\"summary_large_image\" \/>\n<meta name=\"twitter:label1\" content=\"Escrito por\" \/>\n\t<meta name=\"twitter:data1\" content=\"Thiago Soares\" \/>\n\t<meta name=\"twitter:label2\" content=\"Est. tempo de leitura\" \/>\n\t<meta name=\"twitter:data2\" content=\"2 minutos\" \/>\n<script type=\"application\/ld+json\" class=\"yoast-schema-graph\">{\"@context\":\"https:\\\/\\\/schema.org\",\"@graph\":[{\"@type\":\"Article\",\"@id\":\"http:\\\/\\\/diariodebordo.net\\\/?p=34914#article\",\"isPartOf\":{\"@id\":\"http:\\\/\\\/diariodebordo.net\\\/?p=34914\"},\"author\":{\"name\":\"Thiago Soares\",\"@id\":\"http:\\\/\\\/diariodebordo.net\\\/#\\\/schema\\\/person\\\/2983b623551b91c75a103029fb634a78\"},\"headline\":\"Onde a hist\u00f3ria permanece, o valor se revela\",\"datePublished\":\"2026-04-20T20:42:03+00:00\",\"mainEntityOfPage\":{\"@id\":\"http:\\\/\\\/diariodebordo.net\\\/?p=34914\"},\"wordCount\":281,\"commentCount\":0,\"publisher\":{\"@id\":\"http:\\\/\\\/diariodebordo.net\\\/#organization\"},\"image\":{\"@id\":\"http:\\\/\\\/diariodebordo.net\\\/?p=34914#primaryimage\"},\"thumbnailUrl\":\"https:\\\/\\\/www.diariodebordo.net\\\/wp-content\\\/uploads\\\/2026\\\/04\\\/Elegancia-design-conforto-e-sofisticacao-para-viver-a-excelencia-no-corac_20260420_172608_0000.png\",\"articleSection\":[\"Brasil\",\"Cultura\",\"DESTAQUES\",\"Dia-a-Dia\",\"EMPRESARIAL\",\"LAN\u00c7AMENTOS\",\"NOT\u00cdCIA RECENTE\",\"Viagens\",\"VIPs\"],\"inLanguage\":\"pt-BR\",\"potentialAction\":[{\"@type\":\"CommentAction\",\"name\":\"Comment\",\"target\":[\"http:\\\/\\\/diariodebordo.net\\\/?p=34914#respond\"]}]},{\"@type\":\"WebPage\",\"@id\":\"http:\\\/\\\/diariodebordo.net\\\/?p=34914\",\"url\":\"http:\\\/\\\/diariodebordo.net\\\/?p=34914\",\"name\":\"Onde a hist\u00f3ria permanece, o valor se revela - Experi\u00eancias que conectam marcas, pessoas e momentos\",\"isPartOf\":{\"@id\":\"http:\\\/\\\/diariodebordo.net\\\/#website\"},\"primaryImageOfPage\":{\"@id\":\"http:\\\/\\\/diariodebordo.net\\\/?p=34914#primaryimage\"},\"image\":{\"@id\":\"http:\\\/\\\/diariodebordo.net\\\/?p=34914#primaryimage\"},\"thumbnailUrl\":\"https:\\\/\\\/www.diariodebordo.net\\\/wp-content\\\/uploads\\\/2026\\\/04\\\/Elegancia-design-conforto-e-sofisticacao-para-viver-a-excelencia-no-corac_20260420_172608_0000.png\",\"datePublished\":\"2026-04-20T20:42:03+00:00\",\"breadcrumb\":{\"@id\":\"http:\\\/\\\/diariodebordo.net\\\/?p=34914#breadcrumb\"},\"inLanguage\":\"pt-BR\",\"potentialAction\":[{\"@type\":\"ReadAction\",\"target\":[\"http:\\\/\\\/diariodebordo.net\\\/?p=34914\"]}]},{\"@type\":\"ImageObject\",\"inLanguage\":\"pt-BR\",\"@id\":\"http:\\\/\\\/diariodebordo.net\\\/?p=34914#primaryimage\",\"url\":\"https:\\\/\\\/www.diariodebordo.net\\\/wp-content\\\/uploads\\\/2026\\\/04\\\/Elegancia-design-conforto-e-sofisticacao-para-viver-a-excelencia-no-corac_20260420_172608_0000.png\",\"contentUrl\":\"https:\\\/\\\/www.diariodebordo.net\\\/wp-content\\\/uploads\\\/2026\\\/04\\\/Elegancia-design-conforto-e-sofisticacao-para-viver-a-excelencia-no-corac_20260420_172608_0000.png\",\"width\":1536,\"height\":1024},{\"@type\":\"BreadcrumbList\",\"@id\":\"http:\\\/\\\/diariodebordo.net\\\/?p=34914#breadcrumb\",\"itemListElement\":[{\"@type\":\"ListItem\",\"position\":1,\"name\":\"In\u00edcio\",\"item\":\"http:\\\/\\\/diariodebordo.net\\\/\"},{\"@type\":\"ListItem\",\"position\":2,\"name\":\"Onde a hist\u00f3ria permanece, o valor se revela\"}]},{\"@type\":\"WebSite\",\"@id\":\"http:\\\/\\\/diariodebordo.net\\\/#website\",\"url\":\"http:\\\/\\\/diariodebordo.net\\\/\",\"name\":\"Experi\u00eancias que conectam marcas, pessoas e momentos\",\"description\":\"M\u00eddia, eventos e conte\u00fado em uma plataforma que gera presen\u00e7a, relev\u00e2ncia e movimento.\",\"publisher\":{\"@id\":\"http:\\\/\\\/diariodebordo.net\\\/#organization\"},\"potentialAction\":[{\"@type\":\"SearchAction\",\"target\":{\"@type\":\"EntryPoint\",\"urlTemplate\":\"http:\\\/\\\/diariodebordo.net\\\/?s={search_term_string}\"},\"query-input\":{\"@type\":\"PropertyValueSpecification\",\"valueRequired\":true,\"valueName\":\"search_term_string\"}}],\"inLanguage\":\"pt-BR\"},{\"@type\":\"Organization\",\"@id\":\"http:\\\/\\\/diariodebordo.net\\\/#organization\",\"name\":\"Experi\u00eancias que conectam marcas, pessoas e momentos\",\"url\":\"http:\\\/\\\/diariodebordo.net\\\/\",\"logo\":{\"@type\":\"ImageObject\",\"inLanguage\":\"pt-BR\",\"@id\":\"http:\\\/\\\/diariodebordo.net\\\/#\\\/schema\\\/logo\\\/image\\\/\",\"url\":\"https:\\\/\\\/www.diariodebordo.net\\\/wp-content\\\/uploads\\\/2026\\\/04\\\/cropped-cropped-20260419_052322_0001-2.png\",\"contentUrl\":\"https:\\\/\\\/www.diariodebordo.net\\\/wp-content\\\/uploads\\\/2026\\\/04\\\/cropped-cropped-20260419_052322_0001-2.png\",\"width\":512,\"height\":214,\"caption\":\"Experi\u00eancias que conectam marcas, pessoas e momentos \"},\"image\":{\"@id\":\"http:\\\/\\\/diariodebordo.net\\\/#\\\/schema\\\/logo\\\/image\\\/\"}},{\"@type\":\"Person\",\"@id\":\"http:\\\/\\\/diariodebordo.net\\\/#\\\/schema\\\/person\\\/2983b623551b91c75a103029fb634a78\",\"name\":\"Thiago Soares\",\"image\":{\"@type\":\"ImageObject\",\"inLanguage\":\"pt-BR\",\"@id\":\"https:\\\/\\\/diariodebordo.net\\\/wp-content\\\/uploads\\\/2022\\\/09\\\/cropped-image9-96x96.jpg\",\"url\":\"https:\\\/\\\/diariodebordo.net\\\/wp-content\\\/uploads\\\/2022\\\/09\\\/cropped-image9-96x96.jpg\",\"contentUrl\":\"https:\\\/\\\/diariodebordo.net\\\/wp-content\\\/uploads\\\/2022\\\/09\\\/cropped-image9-96x96.jpg\",\"caption\":\"Thiago Soares\"},\"url\":\"https:\\\/\\\/www.diariodebordo.net\\\/?author=13\"}]}<\/script>\n<!-- \/ Yoast SEO plugin. -->","yoast_head_json":{"title":"Onde a hist\u00f3ria permanece, o valor se revela - Experi\u00eancias que conectam marcas, pessoas e momentos","robots":{"index":"index","follow":"follow","max-snippet":"max-snippet:-1","max-image-preview":"max-image-preview:large","max-video-preview":"max-video-preview:-1"},"canonical":"http:\/\/diariodebordo.net\/?p=34914","og_locale":"pt_BR","og_type":"article","og_title":"Onde a hist\u00f3ria permanece, o valor se revela - Experi\u00eancias que conectam marcas, pessoas e momentos","og_description":"Vest\u00edgios do s\u00e9culo XVIII conectam o Aurora \u00e0 origem missioneira de Santo \u00c2ngelo Durante as escava\u00e7\u00f5es para a constru\u00e7\u00e3o de um empreendimento residencial em Santo \u00c2ngelo, vieram \u00e0 tona vest\u00edgios arqueol\u00f3gicos do s\u00e9culo XVIII, diretamente associados \u00e0 antiga Redu\u00e7\u00e3o Jesu\u00edtico-Guarani de Santo \u00c2ngelo Cust\u00f3dio. Elementos como ladrilhos missioneiros e fragmentos cer\u00e2micos revelam que, sob o","og_url":"http:\/\/diariodebordo.net\/?p=34914","og_site_name":"Experi\u00eancias que conectam marcas, pessoas e momentos","article_published_time":"2026-04-20T20:42:03+00:00","og_image":[{"width":1024,"height":683,"url":"http:\/\/diariodebordo.net\/wp-content\/uploads\/2026\/04\/Elegancia-design-conforto-e-sofisticacao-para-viver-a-excelencia-no-corac_20260420_172608_0000-1024x683.png","type":"image\/png"}],"author":"Thiago Soares","twitter_card":"summary_large_image","twitter_misc":{"Escrito por":"Thiago Soares","Est. tempo de leitura":"2 minutos"},"schema":{"@context":"https:\/\/schema.org","@graph":[{"@type":"Article","@id":"http:\/\/diariodebordo.net\/?p=34914#article","isPartOf":{"@id":"http:\/\/diariodebordo.net\/?p=34914"},"author":{"name":"Thiago Soares","@id":"http:\/\/diariodebordo.net\/#\/schema\/person\/2983b623551b91c75a103029fb634a78"},"headline":"Onde a hist\u00f3ria permanece, o valor se revela","datePublished":"2026-04-20T20:42:03+00:00","mainEntityOfPage":{"@id":"http:\/\/diariodebordo.net\/?p=34914"},"wordCount":281,"commentCount":0,"publisher":{"@id":"http:\/\/diariodebordo.net\/#organization"},"image":{"@id":"http:\/\/diariodebordo.net\/?p=34914#primaryimage"},"thumbnailUrl":"https:\/\/www.diariodebordo.net\/wp-content\/uploads\/2026\/04\/Elegancia-design-conforto-e-sofisticacao-para-viver-a-excelencia-no-corac_20260420_172608_0000.png","articleSection":["Brasil","Cultura","DESTAQUES","Dia-a-Dia","EMPRESARIAL","LAN\u00c7AMENTOS","NOT\u00cdCIA RECENTE","Viagens","VIPs"],"inLanguage":"pt-BR","potentialAction":[{"@type":"CommentAction","name":"Comment","target":["http:\/\/diariodebordo.net\/?p=34914#respond"]}]},{"@type":"WebPage","@id":"http:\/\/diariodebordo.net\/?p=34914","url":"http:\/\/diariodebordo.net\/?p=34914","name":"Onde a hist\u00f3ria permanece, o valor se revela - Experi\u00eancias que conectam marcas, pessoas e momentos","isPartOf":{"@id":"http:\/\/diariodebordo.net\/#website"},"primaryImageOfPage":{"@id":"http:\/\/diariodebordo.net\/?p=34914#primaryimage"},"image":{"@id":"http:\/\/diariodebordo.net\/?p=34914#primaryimage"},"thumbnailUrl":"https:\/\/www.diariodebordo.net\/wp-content\/uploads\/2026\/04\/Elegancia-design-conforto-e-sofisticacao-para-viver-a-excelencia-no-corac_20260420_172608_0000.png","datePublished":"2026-04-20T20:42:03+00:00","breadcrumb":{"@id":"http:\/\/diariodebordo.net\/?p=34914#breadcrumb"},"inLanguage":"pt-BR","potentialAction":[{"@type":"ReadAction","target":["http:\/\/diariodebordo.net\/?p=34914"]}]},{"@type":"ImageObject","inLanguage":"pt-BR","@id":"http:\/\/diariodebordo.net\/?p=34914#primaryimage","url":"https:\/\/www.diariodebordo.net\/wp-content\/uploads\/2026\/04\/Elegancia-design-conforto-e-sofisticacao-para-viver-a-excelencia-no-corac_20260420_172608_0000.png","contentUrl":"https:\/\/www.diariodebordo.net\/wp-content\/uploads\/2026\/04\/Elegancia-design-conforto-e-sofisticacao-para-viver-a-excelencia-no-corac_20260420_172608_0000.png","width":1536,"height":1024},{"@type":"BreadcrumbList","@id":"http:\/\/diariodebordo.net\/?p=34914#breadcrumb","itemListElement":[{"@type":"ListItem","position":1,"name":"In\u00edcio","item":"http:\/\/diariodebordo.net\/"},{"@type":"ListItem","position":2,"name":"Onde a hist\u00f3ria permanece, o valor se revela"}]},{"@type":"WebSite","@id":"http:\/\/diariodebordo.net\/#website","url":"http:\/\/diariodebordo.net\/","name":"Experi\u00eancias que conectam marcas, pessoas e momentos","description":"M\u00eddia, eventos e conte\u00fado em uma plataforma que gera presen\u00e7a, relev\u00e2ncia e movimento.","publisher":{"@id":"http:\/\/diariodebordo.net\/#organization"},"potentialAction":[{"@type":"SearchAction","target":{"@type":"EntryPoint","urlTemplate":"http:\/\/diariodebordo.net\/?s={search_term_string}"},"query-input":{"@type":"PropertyValueSpecification","valueRequired":true,"valueName":"search_term_string"}}],"inLanguage":"pt-BR"},{"@type":"Organization","@id":"http:\/\/diariodebordo.net\/#organization","name":"Experi\u00eancias que conectam marcas, pessoas e momentos","url":"http:\/\/diariodebordo.net\/","logo":{"@type":"ImageObject","inLanguage":"pt-BR","@id":"http:\/\/diariodebordo.net\/#\/schema\/logo\/image\/","url":"https:\/\/www.diariodebordo.net\/wp-content\/uploads\/2026\/04\/cropped-cropped-20260419_052322_0001-2.png","contentUrl":"https:\/\/www.diariodebordo.net\/wp-content\/uploads\/2026\/04\/cropped-cropped-20260419_052322_0001-2.png","width":512,"height":214,"caption":"Experi\u00eancias que conectam marcas, pessoas e momentos "},"image":{"@id":"http:\/\/diariodebordo.net\/#\/schema\/logo\/image\/"}},{"@type":"Person","@id":"http:\/\/diariodebordo.net\/#\/schema\/person\/2983b623551b91c75a103029fb634a78","name":"Thiago Soares","image":{"@type":"ImageObject","inLanguage":"pt-BR","@id":"https:\/\/diariodebordo.net\/wp-content\/uploads\/2022\/09\/cropped-image9-96x96.jpg","url":"https:\/\/diariodebordo.net\/wp-content\/uploads\/2022\/09\/cropped-image9-96x96.jpg","contentUrl":"https:\/\/diariodebordo.net\/wp-content\/uploads\/2022\/09\/cropped-image9-96x96.jpg","caption":"Thiago Soares"},"url":"https:\/\/www.diariodebordo.net\/?author=13"}]}},"_links":{"self":[{"href":"https:\/\/www.diariodebordo.net\/index.php?rest_route=\/wp\/v2\/posts\/34914","targetHints":{"allow":["GET"]}}],"collection":[{"href":"https:\/\/www.diariodebordo.net\/index.php?rest_route=\/wp\/v2\/posts"}],"about":[{"href":"https:\/\/www.diariodebordo.net\/index.php?rest_route=\/wp\/v2\/types\/post"}],"author":[{"embeddable":true,"href":"https:\/\/www.diariodebordo.net\/index.php?rest_route=\/wp\/v2\/users\/13"}],"replies":[{"embeddable":true,"href":"https:\/\/www.diariodebordo.net\/index.php?rest_route=%2Fwp%2Fv2%2Fcomments&post=34914"}],"version-history":[{"count":1,"href":"https:\/\/www.diariodebordo.net\/index.php?rest_route=\/wp\/v2\/posts\/34914\/revisions"}],"predecessor-version":[{"id":34920,"href":"https:\/\/www.diariodebordo.net\/index.php?rest_route=\/wp\/v2\/posts\/34914\/revisions\/34920"}],"wp:featuredmedia":[{"embeddable":true,"href":"https:\/\/www.diariodebordo.net\/index.php?rest_route=\/wp\/v2\/media\/34916"}],"wp:attachment":[{"href":"https:\/\/www.diariodebordo.net\/index.php?rest_route=%2Fwp%2Fv2%2Fmedia&parent=34914"}],"wp:term":[{"taxonomy":"category","embeddable":true,"href":"https:\/\/www.diariodebordo.net\/index.php?rest_route=%2Fwp%2Fv2%2Fcategories&post=34914"},{"taxonomy":"post_tag","embeddable":true,"href":"https:\/\/www.diariodebordo.net\/index.php?rest_route=%2Fwp%2Fv2%2Ftags&post=34914"}],"curies":[{"name":"wp","href":"https:\/\/api.w.org\/{rel}","templated":true}]}}