{"id":34706,"date":"2026-03-17T01:57:04","date_gmt":"2026-03-17T04:57:04","guid":{"rendered":"https:\/\/www.diariodebordo.net\/?p=34706"},"modified":"2026-03-17T01:57:04","modified_gmt":"2026-03-17T04:57:04","slug":"negroni-ganha-sotaques-do-mundo-em-circuito-criativo-no-encouracado-butikin","status":"publish","type":"post","link":"https:\/\/www.diariodebordo.net\/?p=34706","title":{"rendered":"Negroni ganha sotaques do mundo em circuito criativo no Encoura\u00e7ado Butikin"},"content":{"rendered":"<div><i><img loading=\"lazy\" decoding=\"async\" class=\"aligncenter size-medium wp-image-34708\" src=\"https:\/\/www.diariodebordo.net\/wp-content\/uploads\/2026\/03\/LisaRoos_0165_13112024-300x200.jpeg\" alt=\"\" width=\"300\" height=\"200\" srcset=\"https:\/\/www.diariodebordo.net\/wp-content\/uploads\/2026\/03\/LisaRoos_0165_13112024-300x200.jpeg 300w, https:\/\/www.diariodebordo.net\/wp-content\/uploads\/2026\/03\/LisaRoos_0165_13112024-1024x683.jpeg 1024w, https:\/\/www.diariodebordo.net\/wp-content\/uploads\/2026\/03\/LisaRoos_0165_13112024-768x512.jpeg 768w, https:\/\/www.diariodebordo.net\/wp-content\/uploads\/2026\/03\/LisaRoos_0165_13112024-1536x1024.jpeg 1536w, https:\/\/www.diariodebordo.net\/wp-content\/uploads\/2026\/03\/LisaRoos_0165_13112024-2048x1365.jpeg 2048w\" sizes=\"auto, (max-width: 300px) 100vw, 300px\" \/>Temporada 2026 do Negroni Day re\u00fane 12 bartenders que criam vers\u00f5es autorais do cl\u00e1ssico inspiradas em sele\u00e7\u00f5es da Copa do Mundo; estreia acontece em <span dir=\"ltr\">25 de mar\u00e7o\u00a0<\/span><\/i><\/div>\n<div><\/div>\n<div>O Encoura\u00e7ado Butikin d\u00e1 in\u00edcio <span dir=\"ltr\">no dia <\/span><b><span dir=\"ltr\">25 de mar\u00e7o<\/span><\/b>\u00a0\u00e0 temporada <b>Negroni Day 2026<\/b>, um circuito dedicado \u00e0 criatividade na coquetelaria que re\u00fane <b>12 bartenders convidados<\/b>\u00a0para apresentar releituras autorais do cl\u00e1ssico italiano.<\/div>\n<div><\/div>\n<div>Neste ano, o tema ser\u00e1 <b>\u201cPa\u00edses da Copa\u201d<\/b>, em que cada bartender desenvolver\u00e1 um <b>Negroni autoral inspirado em uma das sele\u00e7\u00f5es participantes da Copa do Mundo<\/b>, explorando ingredientes, refer\u00eancias culturais e hist\u00f3rias ligadas a cada pa\u00eds.<\/div>\n<div><\/div>\n<div>O projeto acontece <b>sempre na \u00faltima quarta-feira de cada m\u00eas<\/b>, de <b>mar\u00e7o a agosto<\/b>, <span dir=\"ltr\">das<\/span><b><span dir=\"ltr\">20h \u00e0s 22h30<\/span><\/b>, com <b>dois bartenders convidados por noite<\/b>\u00a0disputando a prefer\u00eancia do p\u00fablico e do j\u00fari.<\/div>\n<div>Durante cada etapa, os bartenders apresentam seus drinks autorais ao p\u00fablico e contam o conceito por tr\u00e1s da cria\u00e7\u00e3o. Os participantes poder\u00e3o <b>degustar os mini negronis<\/b>\u00a0apresentados na noite e, ap\u00f3s experimentar ambos, votar no favorito. <b>A vota\u00e7\u00e3o \u00e9 exclusiva para quem provar os dois drinks.<\/b><\/div>\n<div>A escolha do vencedor de cada rodada ser\u00e1 feita por uma comiss\u00e3o formada por <b>um jornalista convidado, um representante da Campari\/FEMSA, um representante do Encoura\u00e7ado Butikin e pelos clientes presentes no evento<\/b>.<\/div>\n<div><\/div>\n<div>O bartender vencedor de cada etapa segue na competi\u00e7\u00e3o e seu Negroni permanece no card\u00e1pio at\u00e9 a rodada final. J\u00e1 o drink eliminado poder\u00e1 ser degustado <b>apenas na noite em que for apresentado<\/b>.<\/div>\n<div><\/div>\n<div><b>Final durante a Negroni Week<\/b><\/div>\n<div><\/div>\n<div>A grande decis\u00e3o acontece durante a Negroni Week, quando ser\u00e3o anunciados os vencedores da temporada:<\/div>\n<div><\/div>\n<div><b>1\u00ba lugar \u2014 R$ 1.500<br \/>\n2\u00ba lugar \u2014 R$ 500<\/b><\/div>\n<div><\/div>\n<div>Os dois drinks premiados passam a integrar a Carta de Negronis Autorais do Encoura\u00e7ado Butikin.<\/div>\n<div><\/div>\n<div><b>Passaporte de degusta\u00e7\u00e3o<\/b><\/div>\n<div><\/div>\n<div>Uma das novidades da temporada \u00e9 o passaporte de degusta\u00e7\u00e3o, no qual os clientes poder\u00e3o registrar todos os Negronis provados durante o circuito. Apenas quem completar o passaporte poder\u00e1 participar da vota\u00e7\u00e3o final para escolher o melhor drink da temporada. Entre os participantes que conclu\u00edrem o percurso ser\u00e1 sorteada uma garrafa de Campari de 3 litros.<\/div>\n<div><\/div>\n<div><b>Bartenders confirmados<\/b><\/div>\n<div><\/div>\n<div>Entre os nomes j\u00e1 confirmados para a temporada est\u00e1 o <b>campe\u00e3o da edi\u00e7\u00e3o de 2025<\/b>. No ano passado, o p\u00fablico consagrou o<i>Spicy Negroni<\/i>, cria\u00e7\u00e3o de <b>F\u00e1bio Gon\u00e7alvez<\/b>, como o grande vencedor da Negroni Week. A receita conquistou os votos pelo equil\u00edbrio preciso entre intensidade picante e a eleg\u00e2ncia cl\u00e1ssica do coquetel. Em 2026, o bartender retorna ao circuito em busca do bicampeonato e ir\u00e1 homenagear o Jap\u00e3o no seu drinque.<\/div>\n<div><\/div>\n<div>Tamb\u00e9m voltam \u00e0 disputa nomes que participaram da temporada anterior, como <b>Rafael Miorim (M\u00e9xico), Jimmy Dantas (Uruguai), Vitor Modesto (Holanda), Claudia Schumacher (Alemanha), Nana Antonioli (Brasil) e Higor Miron (Catar)<\/b>, refor\u00e7ando o time de bartenders convidados.<\/div>\n<div><\/div>\n<div>Entre as novidades desta edi\u00e7\u00e3o est\u00e3o <b>Kelvin Capra, que representar\u00e1 o Egito, e Bruno Witzoreke, inspirado por Portugal<\/b>, ampliando o mapa de refer\u00eancias da competi\u00e7\u00e3o. Outros nomes ainda ser\u00e3o anunciados nas pr\u00f3ximas semanas.<\/div>\n<div><\/div>\n<div><\/div>\n<div><b>Servi\u00e7o<img loading=\"lazy\" decoding=\"async\" class=\"aligncenter size-medium wp-image-34707\" src=\"https:\/\/www.diariodebordo.net\/wp-content\/uploads\/2026\/03\/WhatsApp-Image-2026-03-12-at-14.24.32-300x200.jpeg\" alt=\"\" width=\"300\" height=\"200\" srcset=\"https:\/\/www.diariodebordo.net\/wp-content\/uploads\/2026\/03\/WhatsApp-Image-2026-03-12-at-14.24.32-300x200.jpeg 300w, https:\/\/www.diariodebordo.net\/wp-content\/uploads\/2026\/03\/WhatsApp-Image-2026-03-12-at-14.24.32-1024x682.jpeg 1024w, https:\/\/www.diariodebordo.net\/wp-content\/uploads\/2026\/03\/WhatsApp-Image-2026-03-12-at-14.24.32-768x512.jpeg 768w, https:\/\/www.diariodebordo.net\/wp-content\/uploads\/2026\/03\/WhatsApp-Image-2026-03-12-at-14.24.32-1536x1023.jpeg 1536w, https:\/\/www.diariodebordo.net\/wp-content\/uploads\/2026\/03\/WhatsApp-Image-2026-03-12-at-14.24.32.jpeg 1600w\" sizes=\"auto, (max-width: 300px) 100vw, 300px\" \/> <img loading=\"lazy\" decoding=\"async\" class=\"aligncenter size-medium wp-image-34708\" src=\"https:\/\/www.diariodebordo.net\/wp-content\/uploads\/2026\/03\/LisaRoos_0165_13112024-300x200.jpeg\" alt=\"\" width=\"300\" height=\"200\" srcset=\"https:\/\/www.diariodebordo.net\/wp-content\/uploads\/2026\/03\/LisaRoos_0165_13112024-300x200.jpeg 300w, https:\/\/www.diariodebordo.net\/wp-content\/uploads\/2026\/03\/LisaRoos_0165_13112024-1024x683.jpeg 1024w, https:\/\/www.diariodebordo.net\/wp-content\/uploads\/2026\/03\/LisaRoos_0165_13112024-768x512.jpeg 768w, https:\/\/www.diariodebordo.net\/wp-content\/uploads\/2026\/03\/LisaRoos_0165_13112024-1536x1024.jpeg 1536w, https:\/\/www.diariodebordo.net\/wp-content\/uploads\/2026\/03\/LisaRoos_0165_13112024-2048x1365.jpeg 2048w\" sizes=\"auto, (max-width: 300px) 100vw, 300px\" \/><\/b><\/div>\n<div><\/div>\n<div>Negroni Day 2026<\/div>\n<div><b>Encoura\u00e7ado Butikin<\/b>\u00a0&#8211; <span dir=\"ltr\">Av. Independ\u00eancia, 936 \u2013 Porto Alegre<\/span>\/RS<br \/>\n<b>Estreia:<\/b>\u00a0<span dir=\"ltr\">25 de mar\u00e7o de 2026<\/span> com <b>Nana Antonioli (Brasil) e Bruno Witzoreke (Portugal)<\/b><br \/>\n<b>Quando:<\/b>\u00a0\u00daltima quarta-feira de cada m\u00eas (mar\u00e7o a agosto)<br \/>\n<b>Hor\u00e1rio:<\/b>\u00a0<span dir=\"ltr\">Das 20h \u00e0s 22h30<\/span><\/div>\n<div><b>Patroc\u00ednio:<\/b>\u00a0Campari, Beliver, Jim Beam e Despacio<br \/>\n<b>Instagram:<\/b>\u00a0<u><a id=\"OWA43abcc38-7ef5-1ae6-d41a-5d63f5dacd20\" class=\"x_x_x_x_OWAAutoLink\" href=\"https:\/\/instagram.com\/encouracadobutikin\" data-auth=\"NotApplicable\">@encouracadobutikin<\/a><\/u><\/div>\n<div><\/div>\n<div><i>Informa\u00e7\u00f5es Imprensa: Tati Feldens | (51) 9.9836.8652<\/i><\/div>\n","protected":false},"excerpt":{"rendered":"<p>Temporada 2026 do Negroni Day re\u00fane 12 bartenders que criam vers\u00f5es autorais do cl\u00e1ssico inspiradas em sele\u00e7\u00f5es da Copa do Mundo; estreia acontece em 25 de mar\u00e7o\u00a0 O Encoura\u00e7ado Butikin d\u00e1 in\u00edcio no dia 25 de mar\u00e7o\u00a0\u00e0 temporada Negroni Day 2026, um circuito dedicado \u00e0 criatividade na coquetelaria que re\u00fane 12 bartenders convidados\u00a0para apresentar releituras<\/p>\n","protected":false},"author":13,"featured_media":0,"comment_status":"open","ping_status":"open","sticky":true,"template":"","format":"standard","meta":{"_eb_attr":"","inline_featured_image":false,"_joinchat":[],"footnotes":""},"categories":[156,157,63,88,89,119,65,187],"tags":[],"class_list":["post-34706","post","type-post","status-publish","format-standard","hentry","category-atualidades","category-capital-gaucha","category-destaques","category-empresarial","category-entretenimento","category-eventos","category-noticia-recente","category-rio-grande-do-sul"],"acf":[],"yoast_head":"<!-- This site is optimized with the Yoast SEO plugin v27.5 - https:\/\/yoast.com\/product\/yoast-seo-wordpress\/ -->\n<title>Negroni ganha sotaques do mundo em circuito criativo no Encoura\u00e7ado Butikin - Experi\u00eancias que conectam marcas, pessoas e momentos<\/title>\n<meta name=\"robots\" content=\"index, follow, max-snippet:-1, max-image-preview:large, max-video-preview:-1\" \/>\n<link rel=\"canonical\" href=\"https:\/\/www.diariodebordo.net\/?p=34706\" \/>\n<meta property=\"og:locale\" content=\"pt_BR\" \/>\n<meta property=\"og:type\" content=\"article\" \/>\n<meta property=\"og:title\" content=\"Negroni ganha sotaques do mundo em circuito criativo no Encoura\u00e7ado Butikin - Experi\u00eancias que conectam marcas, pessoas e momentos\" \/>\n<meta property=\"og:description\" content=\"Temporada 2026 do Negroni Day re\u00fane 12 bartenders que criam vers\u00f5es autorais do cl\u00e1ssico inspiradas em sele\u00e7\u00f5es da Copa do Mundo; estreia acontece em 25 de mar\u00e7o\u00a0 O Encoura\u00e7ado Butikin d\u00e1 in\u00edcio no dia 25 de mar\u00e7o\u00a0\u00e0 temporada Negroni Day 2026, um circuito dedicado \u00e0 criatividade na coquetelaria que re\u00fane 12 bartenders convidados\u00a0para apresentar releituras\" \/>\n<meta property=\"og:url\" content=\"https:\/\/www.diariodebordo.net\/?p=34706\" \/>\n<meta property=\"og:site_name\" content=\"Experi\u00eancias que conectam marcas, pessoas e momentos\" \/>\n<meta property=\"article:published_time\" content=\"2026-03-17T04:57:04+00:00\" \/>\n<meta property=\"og:image\" content=\"https:\/\/www.diariodebordo.net\/wp-content\/uploads\/2026\/03\/LisaRoos_0165_13112024-300x200.jpeg\" \/>\n<meta name=\"author\" content=\"Thiago Soares\" \/>\n<meta name=\"twitter:card\" content=\"summary_large_image\" \/>\n<meta name=\"twitter:label1\" content=\"Escrito por\" \/>\n\t<meta name=\"twitter:data1\" content=\"Thiago Soares\" \/>\n\t<meta name=\"twitter:label2\" content=\"Est. tempo de leitura\" \/>\n\t<meta name=\"twitter:data2\" content=\"4 minutos\" \/>\n<script type=\"application\/ld+json\" class=\"yoast-schema-graph\">{\"@context\":\"https:\\\/\\\/schema.org\",\"@graph\":[{\"@type\":\"Article\",\"@id\":\"https:\\\/\\\/www.diariodebordo.net\\\/?p=34706#article\",\"isPartOf\":{\"@id\":\"https:\\\/\\\/www.diariodebordo.net\\\/?p=34706\"},\"author\":{\"name\":\"Thiago Soares\",\"@id\":\"https:\\\/\\\/www.diariodebordo.net\\\/#\\\/schema\\\/person\\\/2983b623551b91c75a103029fb634a78\"},\"headline\":\"Negroni ganha sotaques do mundo em circuito criativo no Encoura\u00e7ado Butikin\",\"datePublished\":\"2026-03-17T04:57:04+00:00\",\"mainEntityOfPage\":{\"@id\":\"https:\\\/\\\/www.diariodebordo.net\\\/?p=34706\"},\"wordCount\":594,\"commentCount\":0,\"publisher\":{\"@id\":\"https:\\\/\\\/www.diariodebordo.net\\\/#organization\"},\"image\":{\"@id\":\"https:\\\/\\\/www.diariodebordo.net\\\/?p=34706#primaryimage\"},\"thumbnailUrl\":\"https:\\\/\\\/www.diariodebordo.net\\\/wp-content\\\/uploads\\\/2026\\\/03\\\/LisaRoos_0165_13112024-300x200.jpeg\",\"articleSection\":[\"ATUALIDADES\",\"CAPITAL GA\u00daCHA\",\"DESTAQUES\",\"EMPRESARIAL\",\"ENTRETENIMENTO\",\"EVENTOS\",\"NOT\u00cdCIA RECENTE\",\"Rio Grande do Sul\"],\"inLanguage\":\"pt-BR\",\"potentialAction\":[{\"@type\":\"CommentAction\",\"name\":\"Comment\",\"target\":[\"https:\\\/\\\/www.diariodebordo.net\\\/?p=34706#respond\"]}]},{\"@type\":\"WebPage\",\"@id\":\"https:\\\/\\\/www.diariodebordo.net\\\/?p=34706\",\"url\":\"https:\\\/\\\/www.diariodebordo.net\\\/?p=34706\",\"name\":\"Negroni ganha sotaques do mundo em circuito criativo no Encoura\u00e7ado Butikin - Experi\u00eancias que conectam marcas, pessoas e momentos\",\"isPartOf\":{\"@id\":\"https:\\\/\\\/www.diariodebordo.net\\\/#website\"},\"primaryImageOfPage\":{\"@id\":\"https:\\\/\\\/www.diariodebordo.net\\\/?p=34706#primaryimage\"},\"image\":{\"@id\":\"https:\\\/\\\/www.diariodebordo.net\\\/?p=34706#primaryimage\"},\"thumbnailUrl\":\"https:\\\/\\\/www.diariodebordo.net\\\/wp-content\\\/uploads\\\/2026\\\/03\\\/LisaRoos_0165_13112024-300x200.jpeg\",\"datePublished\":\"2026-03-17T04:57:04+00:00\",\"breadcrumb\":{\"@id\":\"https:\\\/\\\/www.diariodebordo.net\\\/?p=34706#breadcrumb\"},\"inLanguage\":\"pt-BR\",\"potentialAction\":[{\"@type\":\"ReadAction\",\"target\":[\"https:\\\/\\\/www.diariodebordo.net\\\/?p=34706\"]}]},{\"@type\":\"ImageObject\",\"inLanguage\":\"pt-BR\",\"@id\":\"https:\\\/\\\/www.diariodebordo.net\\\/?p=34706#primaryimage\",\"url\":\"https:\\\/\\\/www.diariodebordo.net\\\/wp-content\\\/uploads\\\/2026\\\/03\\\/LisaRoos_0165_13112024-scaled.jpeg\",\"contentUrl\":\"https:\\\/\\\/www.diariodebordo.net\\\/wp-content\\\/uploads\\\/2026\\\/03\\\/LisaRoos_0165_13112024-scaled.jpeg\",\"width\":2560,\"height\":1707},{\"@type\":\"BreadcrumbList\",\"@id\":\"https:\\\/\\\/www.diariodebordo.net\\\/?p=34706#breadcrumb\",\"itemListElement\":[{\"@type\":\"ListItem\",\"position\":1,\"name\":\"In\u00edcio\",\"item\":\"https:\\\/\\\/www.diariodebordo.net\\\/\"},{\"@type\":\"ListItem\",\"position\":2,\"name\":\"Negroni ganha sotaques do mundo em circuito criativo no Encoura\u00e7ado Butikin\"}]},{\"@type\":\"WebSite\",\"@id\":\"https:\\\/\\\/www.diariodebordo.net\\\/#website\",\"url\":\"https:\\\/\\\/www.diariodebordo.net\\\/\",\"name\":\"Experi\u00eancias que conectam marcas, pessoas e momentos\",\"description\":\"M\u00eddia, eventos e conte\u00fado em uma plataforma que gera presen\u00e7a, relev\u00e2ncia e movimento.\",\"publisher\":{\"@id\":\"https:\\\/\\\/www.diariodebordo.net\\\/#organization\"},\"potentialAction\":[{\"@type\":\"SearchAction\",\"target\":{\"@type\":\"EntryPoint\",\"urlTemplate\":\"https:\\\/\\\/www.diariodebordo.net\\\/?s={search_term_string}\"},\"query-input\":{\"@type\":\"PropertyValueSpecification\",\"valueRequired\":true,\"valueName\":\"search_term_string\"}}],\"inLanguage\":\"pt-BR\"},{\"@type\":\"Organization\",\"@id\":\"https:\\\/\\\/www.diariodebordo.net\\\/#organization\",\"name\":\"Experi\u00eancias que conectam marcas, pessoas e momentos\",\"url\":\"https:\\\/\\\/www.diariodebordo.net\\\/\",\"logo\":{\"@type\":\"ImageObject\",\"inLanguage\":\"pt-BR\",\"@id\":\"https:\\\/\\\/www.diariodebordo.net\\\/#\\\/schema\\\/logo\\\/image\\\/\",\"url\":\"https:\\\/\\\/www.diariodebordo.net\\\/wp-content\\\/uploads\\\/2026\\\/04\\\/cropped-cropped-20260419_052322_0001-2.png\",\"contentUrl\":\"https:\\\/\\\/www.diariodebordo.net\\\/wp-content\\\/uploads\\\/2026\\\/04\\\/cropped-cropped-20260419_052322_0001-2.png\",\"width\":512,\"height\":214,\"caption\":\"Experi\u00eancias que conectam marcas, pessoas e momentos \"},\"image\":{\"@id\":\"https:\\\/\\\/www.diariodebordo.net\\\/#\\\/schema\\\/logo\\\/image\\\/\"}},{\"@type\":\"Person\",\"@id\":\"https:\\\/\\\/www.diariodebordo.net\\\/#\\\/schema\\\/person\\\/2983b623551b91c75a103029fb634a78\",\"name\":\"Thiago Soares\",\"image\":{\"@type\":\"ImageObject\",\"inLanguage\":\"pt-BR\",\"@id\":\"https:\\\/\\\/diariodebordo.net\\\/wp-content\\\/uploads\\\/2022\\\/09\\\/cropped-image9-96x96.jpg\",\"url\":\"https:\\\/\\\/diariodebordo.net\\\/wp-content\\\/uploads\\\/2022\\\/09\\\/cropped-image9-96x96.jpg\",\"contentUrl\":\"https:\\\/\\\/diariodebordo.net\\\/wp-content\\\/uploads\\\/2022\\\/09\\\/cropped-image9-96x96.jpg\",\"caption\":\"Thiago Soares\"},\"url\":\"https:\\\/\\\/www.diariodebordo.net\\\/?author=13\"}]}<\/script>\n<!-- \/ Yoast SEO plugin. -->","yoast_head_json":{"title":"Negroni ganha sotaques do mundo em circuito criativo no Encoura\u00e7ado Butikin - Experi\u00eancias que conectam marcas, pessoas e momentos","robots":{"index":"index","follow":"follow","max-snippet":"max-snippet:-1","max-image-preview":"max-image-preview:large","max-video-preview":"max-video-preview:-1"},"canonical":"https:\/\/www.diariodebordo.net\/?p=34706","og_locale":"pt_BR","og_type":"article","og_title":"Negroni ganha sotaques do mundo em circuito criativo no Encoura\u00e7ado Butikin - Experi\u00eancias que conectam marcas, pessoas e momentos","og_description":"Temporada 2026 do Negroni Day re\u00fane 12 bartenders que criam vers\u00f5es autorais do cl\u00e1ssico inspiradas em sele\u00e7\u00f5es da Copa do Mundo; estreia acontece em 25 de mar\u00e7o\u00a0 O Encoura\u00e7ado Butikin d\u00e1 in\u00edcio no dia 25 de mar\u00e7o\u00a0\u00e0 temporada Negroni Day 2026, um circuito dedicado \u00e0 criatividade na coquetelaria que re\u00fane 12 bartenders convidados\u00a0para apresentar releituras","og_url":"https:\/\/www.diariodebordo.net\/?p=34706","og_site_name":"Experi\u00eancias que conectam marcas, pessoas e momentos","article_published_time":"2026-03-17T04:57:04+00:00","og_image":[{"url":"https:\/\/www.diariodebordo.net\/wp-content\/uploads\/2026\/03\/LisaRoos_0165_13112024-300x200.jpeg","type":"","width":"","height":""}],"author":"Thiago Soares","twitter_card":"summary_large_image","twitter_misc":{"Escrito por":"Thiago Soares","Est. tempo de leitura":"4 minutos"},"schema":{"@context":"https:\/\/schema.org","@graph":[{"@type":"Article","@id":"https:\/\/www.diariodebordo.net\/?p=34706#article","isPartOf":{"@id":"https:\/\/www.diariodebordo.net\/?p=34706"},"author":{"name":"Thiago Soares","@id":"https:\/\/www.diariodebordo.net\/#\/schema\/person\/2983b623551b91c75a103029fb634a78"},"headline":"Negroni ganha sotaques do mundo em circuito criativo no Encoura\u00e7ado Butikin","datePublished":"2026-03-17T04:57:04+00:00","mainEntityOfPage":{"@id":"https:\/\/www.diariodebordo.net\/?p=34706"},"wordCount":594,"commentCount":0,"publisher":{"@id":"https:\/\/www.diariodebordo.net\/#organization"},"image":{"@id":"https:\/\/www.diariodebordo.net\/?p=34706#primaryimage"},"thumbnailUrl":"https:\/\/www.diariodebordo.net\/wp-content\/uploads\/2026\/03\/LisaRoos_0165_13112024-300x200.jpeg","articleSection":["ATUALIDADES","CAPITAL GA\u00daCHA","DESTAQUES","EMPRESARIAL","ENTRETENIMENTO","EVENTOS","NOT\u00cdCIA RECENTE","Rio Grande do Sul"],"inLanguage":"pt-BR","potentialAction":[{"@type":"CommentAction","name":"Comment","target":["https:\/\/www.diariodebordo.net\/?p=34706#respond"]}]},{"@type":"WebPage","@id":"https:\/\/www.diariodebordo.net\/?p=34706","url":"https:\/\/www.diariodebordo.net\/?p=34706","name":"Negroni ganha sotaques do mundo em circuito criativo no Encoura\u00e7ado Butikin - Experi\u00eancias que conectam marcas, pessoas e momentos","isPartOf":{"@id":"https:\/\/www.diariodebordo.net\/#website"},"primaryImageOfPage":{"@id":"https:\/\/www.diariodebordo.net\/?p=34706#primaryimage"},"image":{"@id":"https:\/\/www.diariodebordo.net\/?p=34706#primaryimage"},"thumbnailUrl":"https:\/\/www.diariodebordo.net\/wp-content\/uploads\/2026\/03\/LisaRoos_0165_13112024-300x200.jpeg","datePublished":"2026-03-17T04:57:04+00:00","breadcrumb":{"@id":"https:\/\/www.diariodebordo.net\/?p=34706#breadcrumb"},"inLanguage":"pt-BR","potentialAction":[{"@type":"ReadAction","target":["https:\/\/www.diariodebordo.net\/?p=34706"]}]},{"@type":"ImageObject","inLanguage":"pt-BR","@id":"https:\/\/www.diariodebordo.net\/?p=34706#primaryimage","url":"https:\/\/www.diariodebordo.net\/wp-content\/uploads\/2026\/03\/LisaRoos_0165_13112024-scaled.jpeg","contentUrl":"https:\/\/www.diariodebordo.net\/wp-content\/uploads\/2026\/03\/LisaRoos_0165_13112024-scaled.jpeg","width":2560,"height":1707},{"@type":"BreadcrumbList","@id":"https:\/\/www.diariodebordo.net\/?p=34706#breadcrumb","itemListElement":[{"@type":"ListItem","position":1,"name":"In\u00edcio","item":"https:\/\/www.diariodebordo.net\/"},{"@type":"ListItem","position":2,"name":"Negroni ganha sotaques do mundo em circuito criativo no Encoura\u00e7ado Butikin"}]},{"@type":"WebSite","@id":"https:\/\/www.diariodebordo.net\/#website","url":"https:\/\/www.diariodebordo.net\/","name":"Experi\u00eancias que conectam marcas, pessoas e momentos","description":"M\u00eddia, eventos e conte\u00fado em uma plataforma que gera presen\u00e7a, relev\u00e2ncia e movimento.","publisher":{"@id":"https:\/\/www.diariodebordo.net\/#organization"},"potentialAction":[{"@type":"SearchAction","target":{"@type":"EntryPoint","urlTemplate":"https:\/\/www.diariodebordo.net\/?s={search_term_string}"},"query-input":{"@type":"PropertyValueSpecification","valueRequired":true,"valueName":"search_term_string"}}],"inLanguage":"pt-BR"},{"@type":"Organization","@id":"https:\/\/www.diariodebordo.net\/#organization","name":"Experi\u00eancias que conectam marcas, pessoas e momentos","url":"https:\/\/www.diariodebordo.net\/","logo":{"@type":"ImageObject","inLanguage":"pt-BR","@id":"https:\/\/www.diariodebordo.net\/#\/schema\/logo\/image\/","url":"https:\/\/www.diariodebordo.net\/wp-content\/uploads\/2026\/04\/cropped-cropped-20260419_052322_0001-2.png","contentUrl":"https:\/\/www.diariodebordo.net\/wp-content\/uploads\/2026\/04\/cropped-cropped-20260419_052322_0001-2.png","width":512,"height":214,"caption":"Experi\u00eancias que conectam marcas, pessoas e momentos "},"image":{"@id":"https:\/\/www.diariodebordo.net\/#\/schema\/logo\/image\/"}},{"@type":"Person","@id":"https:\/\/www.diariodebordo.net\/#\/schema\/person\/2983b623551b91c75a103029fb634a78","name":"Thiago Soares","image":{"@type":"ImageObject","inLanguage":"pt-BR","@id":"https:\/\/diariodebordo.net\/wp-content\/uploads\/2022\/09\/cropped-image9-96x96.jpg","url":"https:\/\/diariodebordo.net\/wp-content\/uploads\/2022\/09\/cropped-image9-96x96.jpg","contentUrl":"https:\/\/diariodebordo.net\/wp-content\/uploads\/2022\/09\/cropped-image9-96x96.jpg","caption":"Thiago Soares"},"url":"https:\/\/www.diariodebordo.net\/?author=13"}]}},"_links":{"self":[{"href":"https:\/\/www.diariodebordo.net\/index.php?rest_route=\/wp\/v2\/posts\/34706","targetHints":{"allow":["GET"]}}],"collection":[{"href":"https:\/\/www.diariodebordo.net\/index.php?rest_route=\/wp\/v2\/posts"}],"about":[{"href":"https:\/\/www.diariodebordo.net\/index.php?rest_route=\/wp\/v2\/types\/post"}],"author":[{"embeddable":true,"href":"https:\/\/www.diariodebordo.net\/index.php?rest_route=\/wp\/v2\/users\/13"}],"replies":[{"embeddable":true,"href":"https:\/\/www.diariodebordo.net\/index.php?rest_route=%2Fwp%2Fv2%2Fcomments&post=34706"}],"version-history":[{"count":1,"href":"https:\/\/www.diariodebordo.net\/index.php?rest_route=\/wp\/v2\/posts\/34706\/revisions"}],"predecessor-version":[{"id":34709,"href":"https:\/\/www.diariodebordo.net\/index.php?rest_route=\/wp\/v2\/posts\/34706\/revisions\/34709"}],"wp:attachment":[{"href":"https:\/\/www.diariodebordo.net\/index.php?rest_route=%2Fwp%2Fv2%2Fmedia&parent=34706"}],"wp:term":[{"taxonomy":"category","embeddable":true,"href":"https:\/\/www.diariodebordo.net\/index.php?rest_route=%2Fwp%2Fv2%2Fcategories&post=34706"},{"taxonomy":"post_tag","embeddable":true,"href":"https:\/\/www.diariodebordo.net\/index.php?rest_route=%2Fwp%2Fv2%2Ftags&post=34706"}],"curies":[{"name":"wp","href":"https:\/\/api.w.org\/{rel}","templated":true}]}}