{"id":34703,"date":"2026-03-17T01:28:04","date_gmt":"2026-03-17T04:28:04","guid":{"rendered":"https:\/\/www.diariodebordo.net\/?p=34703"},"modified":"2026-03-17T01:28:04","modified_gmt":"2026-03-17T04:28:04","slug":"hotel-ritta-hoppner-recebe-conferencia-medical-san-e-reforca-protagonismo-de-gramado-no-turismo-de-negocios","status":"publish","type":"post","link":"https:\/\/www.diariodebordo.net\/?p=34703","title":{"rendered":"Hotel Ritta H\u00f6ppner recebe Confer\u00eancia Medical San e refor\u00e7a protagonismo de Gramado no turismo de neg\u00f3cios"},"content":{"rendered":"<p style=\"font-weight: 400;\">O Hotel Ritta H\u00f6ppner, em Gramado, foi palco de dois importantes encontros voltados ao empreendedorismo e ao mercado da est\u00e9tica entre os dias 13 e 15 de mar\u00e7o. A programa\u00e7\u00e3o reuniu empres\u00e1rios, profissionais e especialistas de diferentes regi\u00f5es do pa\u00eds em momentos de networking, troca de conhecimento e desenvolvimento de neg\u00f3cios.<\/p>\n<p style=\"font-weight: 400;\">\n<p style=\"font-weight: 400;\">No dia 13 de mar\u00e7o, o hotel recebeu um evento promovido pela Medical San, empresa brasileira refer\u00eancia no desenvolvimento de tecnologias e equipamentos para a \u00e1rea da sa\u00fade est\u00e9tica. O encontro reuniu convidados e profissionais do setor em uma programa\u00e7\u00e3o dedicada \u00e0 integra\u00e7\u00e3o e ao compartilhamento de experi\u00eancias dentro do segmento.<\/p>\n<p style=\"font-weight: 400;\">\n<p style=\"font-weight: 400;\">J\u00e1 nos dias 14 e 15 de mar\u00e7o, o Hotel Ritta H\u00f6ppner sediou o 1\u00b0 encontro presencial do Pot\u00eancia Club, iniciativa voltada ao desenvolvimento empresarial e \u00e0 forma\u00e7\u00e3o de lideran\u00e7as no mercado da est\u00e9tica. O evento reuniu empres\u00e1rios e profissionais da \u00e1rea em uma agenda focada em gest\u00e3o, posicionamento de mercado e estrat\u00e9gias de crescimento profissional.<\/p>\n<p style=\"font-weight: 400;\">\n<p style=\"font-weight: 400;\">Entre os destaques da programa\u00e7\u00e3o esteve a participa\u00e7\u00e3o do empres\u00e1rio, autor e especialista em alta performance Joel Jota, que conduziu uma palestra seguida de um painel de conversa com os participantes, abordando temas ligados \u00e0 mentalidade empreendedora, lideran\u00e7a e expans\u00e3o de neg\u00f3cios.<\/p>\n<p style=\"font-weight: 400;\">\n<p style=\"font-weight: 400;\">Al\u00e9m das atividades de conte\u00fado, os encontros tamb\u00e9m proporcionaram momentos de integra\u00e7\u00e3o entre os participantes. O almo\u00e7o foi servido no Restaurante H\u00f6ppner, localizado no hotel, e um coquetel especial acompanhado de DJ marcou um dos momentos de confraterniza\u00e7\u00e3o do evento, criando um ambiente prop\u00edcio para networking e novas conex\u00f5es profissionais.<\/p>\n<p style=\"font-weight: 400;\">A realiza\u00e7\u00e3o dos encontros refor\u00e7a o posicionamento do Hotel Ritta H\u00f6ppner como um dos espa\u00e7os mais tradicionais da Serra Ga\u00facha para eventos corporativos e sociais. Com estrutura preparada para conven\u00e7\u00f5es, treinamentos e reuni\u00f5es empresariais, o hotel alia ambientes elegantes, hospitalidade e experi\u00eancias gastron\u00f4micas \u00e0 realiza\u00e7\u00e3o de encontros estrat\u00e9gicos.<\/p>\n<p style=\"font-weight: 400;\">Fundado em 1958, o Hotel Ritta H\u00f6ppner mant\u00e9m como marca registrada a hospitalidade refinada e a aten\u00e7\u00e3o aos detalhes, caracter\u00edsticas que contribuem para a realiza\u00e7\u00e3o de eventos que combinam conte\u00fado, relacionamento e experi\u00eancias memor\u00e1veis.<\/p>\n<p style=\"font-weight: 400;\">A realiza\u00e7\u00e3o de eventos como este tamb\u00e9m evidencia o crescimento de Gramado como destino estrat\u00e9gico para o turismo de neg\u00f3cios, atraindo empresas e profissionais de diferentes regi\u00f5es do Brasil e consolidando a cidade como um importante polo de eventos no pa\u00eds.<\/p>\n","protected":false},"excerpt":{"rendered":"<p>O Hotel Ritta H\u00f6ppner, em Gramado, foi palco de dois importantes encontros voltados ao empreendedorismo e ao mercado da est\u00e9tica entre os dias 13 e 15 de mar\u00e7o. A programa\u00e7\u00e3o reuniu empres\u00e1rios, profissionais e especialistas de diferentes regi\u00f5es do pa\u00eds em momentos de networking, troca de conhecimento e desenvolvimento de neg\u00f3cios. No dia 13 de<\/p>\n","protected":false},"author":2,"featured_media":34704,"comment_status":"open","ping_status":"open","sticky":true,"template":"","format":"standard","meta":{"_eb_attr":"","inline_featured_image":false,"_joinchat":[],"footnotes":""},"categories":[156,185,63,88,119,66,65,187,171,133],"tags":[],"class_list":["post-34703","post","type-post","status-publish","format-standard","has-post-thumbnail","hentry","category-atualidades","category-brasil","category-destaques","category-empresarial","category-eventos","category-lancamentos","category-noticia-recente","category-rio-grande-do-sul","category-saude","category-serra-gaucha"],"acf":[],"yoast_head":"<!-- This site is optimized with the Yoast SEO plugin v27.5 - https:\/\/yoast.com\/product\/yoast-seo-wordpress\/ -->\n<title>Hotel Ritta H\u00f6ppner recebe Confer\u00eancia Medical San e refor\u00e7a protagonismo de Gramado no turismo de neg\u00f3cios - Experi\u00eancias que conectam marcas, pessoas e momentos<\/title>\n<meta name=\"robots\" content=\"index, follow, max-snippet:-1, max-image-preview:large, max-video-preview:-1\" \/>\n<link rel=\"canonical\" href=\"http:\/\/diariodebordo.net\/?p=34703\" \/>\n<meta property=\"og:locale\" content=\"pt_BR\" \/>\n<meta property=\"og:type\" content=\"article\" \/>\n<meta property=\"og:title\" content=\"Hotel Ritta H\u00f6ppner recebe Confer\u00eancia Medical San e refor\u00e7a protagonismo de Gramado no turismo de neg\u00f3cios - Experi\u00eancias que conectam marcas, pessoas e momentos\" \/>\n<meta property=\"og:description\" content=\"O Hotel Ritta H\u00f6ppner, em Gramado, foi palco de dois importantes encontros voltados ao empreendedorismo e ao mercado da est\u00e9tica entre os dias 13 e 15 de mar\u00e7o. A programa\u00e7\u00e3o reuniu empres\u00e1rios, profissionais e especialistas de diferentes regi\u00f5es do pa\u00eds em momentos de networking, troca de conhecimento e desenvolvimento de neg\u00f3cios. No dia 13 de\" \/>\n<meta property=\"og:url\" content=\"http:\/\/diariodebordo.net\/?p=34703\" \/>\n<meta property=\"og:site_name\" content=\"Experi\u00eancias que conectam marcas, pessoas e momentos\" \/>\n<meta property=\"article:published_time\" content=\"2026-03-17T04:28:04+00:00\" \/>\n<meta property=\"og:image\" content=\"http:\/\/diariodebordo.net\/wp-content\/uploads\/2026\/03\/IMG_7569.jpeg\" \/>\n\t<meta property=\"og:image:width\" content=\"1600\" \/>\n\t<meta property=\"og:image:height\" content=\"900\" \/>\n\t<meta property=\"og:image:type\" content=\"image\/jpeg\" \/>\n<meta name=\"author\" content=\"Bebeto Azevedo\" \/>\n<meta name=\"twitter:card\" content=\"summary_large_image\" \/>\n<meta name=\"twitter:label1\" content=\"Escrito por\" \/>\n\t<meta name=\"twitter:data1\" content=\"Bebeto Azevedo\" \/>\n\t<meta name=\"twitter:label2\" content=\"Est. tempo de leitura\" \/>\n\t<meta name=\"twitter:data2\" content=\"3 minutos\" \/>\n<script type=\"application\/ld+json\" class=\"yoast-schema-graph\">{\"@context\":\"https:\\\/\\\/schema.org\",\"@graph\":[{\"@type\":\"Article\",\"@id\":\"http:\\\/\\\/diariodebordo.net\\\/?p=34703#article\",\"isPartOf\":{\"@id\":\"http:\\\/\\\/diariodebordo.net\\\/?p=34703\"},\"author\":{\"name\":\"Bebeto Azevedo\",\"@id\":\"https:\\\/\\\/diariodebordo.net\\\/#\\\/schema\\\/person\\\/f7ac4c3cb0758b4042d9ee8b088132a7\"},\"headline\":\"Hotel Ritta H\u00f6ppner recebe Confer\u00eancia Medical San e refor\u00e7a protagonismo de Gramado no turismo de neg\u00f3cios\",\"datePublished\":\"2026-03-17T04:28:04+00:00\",\"mainEntityOfPage\":{\"@id\":\"http:\\\/\\\/diariodebordo.net\\\/?p=34703\"},\"wordCount\":446,\"commentCount\":0,\"publisher\":{\"@id\":\"https:\\\/\\\/diariodebordo.net\\\/#organization\"},\"image\":{\"@id\":\"http:\\\/\\\/diariodebordo.net\\\/?p=34703#primaryimage\"},\"thumbnailUrl\":\"https:\\\/\\\/www.diariodebordo.net\\\/wp-content\\\/uploads\\\/2026\\\/03\\\/IMG_7569.jpeg\",\"articleSection\":[\"ATUALIDADES\",\"Brasil\",\"DESTAQUES\",\"EMPRESARIAL\",\"EVENTOS\",\"LAN\u00c7AMENTOS\",\"NOT\u00cdCIA RECENTE\",\"Rio Grande do Sul\",\"SA\u00daDE\",\"Serra Ga\u00facha\"],\"inLanguage\":\"pt-BR\",\"potentialAction\":[{\"@type\":\"CommentAction\",\"name\":\"Comment\",\"target\":[\"http:\\\/\\\/diariodebordo.net\\\/?p=34703#respond\"]}]},{\"@type\":\"WebPage\",\"@id\":\"http:\\\/\\\/diariodebordo.net\\\/?p=34703\",\"url\":\"http:\\\/\\\/diariodebordo.net\\\/?p=34703\",\"name\":\"Hotel Ritta H\u00f6ppner recebe Confer\u00eancia Medical San e refor\u00e7a protagonismo de Gramado no turismo de neg\u00f3cios - Experi\u00eancias que conectam marcas, pessoas e momentos\",\"isPartOf\":{\"@id\":\"https:\\\/\\\/diariodebordo.net\\\/#website\"},\"primaryImageOfPage\":{\"@id\":\"http:\\\/\\\/diariodebordo.net\\\/?p=34703#primaryimage\"},\"image\":{\"@id\":\"http:\\\/\\\/diariodebordo.net\\\/?p=34703#primaryimage\"},\"thumbnailUrl\":\"https:\\\/\\\/www.diariodebordo.net\\\/wp-content\\\/uploads\\\/2026\\\/03\\\/IMG_7569.jpeg\",\"datePublished\":\"2026-03-17T04:28:04+00:00\",\"breadcrumb\":{\"@id\":\"http:\\\/\\\/diariodebordo.net\\\/?p=34703#breadcrumb\"},\"inLanguage\":\"pt-BR\",\"potentialAction\":[{\"@type\":\"ReadAction\",\"target\":[\"http:\\\/\\\/diariodebordo.net\\\/?p=34703\"]}]},{\"@type\":\"ImageObject\",\"inLanguage\":\"pt-BR\",\"@id\":\"http:\\\/\\\/diariodebordo.net\\\/?p=34703#primaryimage\",\"url\":\"https:\\\/\\\/www.diariodebordo.net\\\/wp-content\\\/uploads\\\/2026\\\/03\\\/IMG_7569.jpeg\",\"contentUrl\":\"https:\\\/\\\/www.diariodebordo.net\\\/wp-content\\\/uploads\\\/2026\\\/03\\\/IMG_7569.jpeg\",\"width\":1600,\"height\":900},{\"@type\":\"BreadcrumbList\",\"@id\":\"http:\\\/\\\/diariodebordo.net\\\/?p=34703#breadcrumb\",\"itemListElement\":[{\"@type\":\"ListItem\",\"position\":1,\"name\":\"In\u00edcio\",\"item\":\"https:\\\/\\\/diariodebordo.net\\\/\"},{\"@type\":\"ListItem\",\"position\":2,\"name\":\"Hotel Ritta H\u00f6ppner recebe Confer\u00eancia Medical San e refor\u00e7a protagonismo de Gramado no turismo de neg\u00f3cios\"}]},{\"@type\":\"WebSite\",\"@id\":\"https:\\\/\\\/diariodebordo.net\\\/#website\",\"url\":\"https:\\\/\\\/diariodebordo.net\\\/\",\"name\":\"Experi\u00eancias que conectam marcas, pessoas e momentos\",\"description\":\"M\u00eddia, eventos e conte\u00fado em uma plataforma que gera presen\u00e7a, relev\u00e2ncia e movimento.\",\"publisher\":{\"@id\":\"https:\\\/\\\/diariodebordo.net\\\/#organization\"},\"potentialAction\":[{\"@type\":\"SearchAction\",\"target\":{\"@type\":\"EntryPoint\",\"urlTemplate\":\"https:\\\/\\\/diariodebordo.net\\\/?s={search_term_string}\"},\"query-input\":{\"@type\":\"PropertyValueSpecification\",\"valueRequired\":true,\"valueName\":\"search_term_string\"}}],\"inLanguage\":\"pt-BR\"},{\"@type\":\"Organization\",\"@id\":\"https:\\\/\\\/diariodebordo.net\\\/#organization\",\"name\":\"Experi\u00eancias que conectam marcas, pessoas e momentos\",\"url\":\"https:\\\/\\\/diariodebordo.net\\\/\",\"logo\":{\"@type\":\"ImageObject\",\"inLanguage\":\"pt-BR\",\"@id\":\"https:\\\/\\\/diariodebordo.net\\\/#\\\/schema\\\/logo\\\/image\\\/\",\"url\":\"https:\\\/\\\/www.diariodebordo.net\\\/wp-content\\\/uploads\\\/2026\\\/04\\\/cropped-cropped-20260419_052322_0001-2.png\",\"contentUrl\":\"https:\\\/\\\/www.diariodebordo.net\\\/wp-content\\\/uploads\\\/2026\\\/04\\\/cropped-cropped-20260419_052322_0001-2.png\",\"width\":512,\"height\":214,\"caption\":\"Experi\u00eancias que conectam marcas, pessoas e momentos \"},\"image\":{\"@id\":\"https:\\\/\\\/diariodebordo.net\\\/#\\\/schema\\\/logo\\\/image\\\/\"}},{\"@type\":\"Person\",\"@id\":\"https:\\\/\\\/diariodebordo.net\\\/#\\\/schema\\\/person\\\/f7ac4c3cb0758b4042d9ee8b088132a7\",\"name\":\"Bebeto Azevedo\",\"image\":{\"@type\":\"ImageObject\",\"inLanguage\":\"pt-BR\",\"@id\":\"https:\\\/\\\/diariodebordo.net\\\/wp-content\\\/uploads\\\/2022\\\/09\\\/image1-96x96.jpg\",\"url\":\"https:\\\/\\\/diariodebordo.net\\\/wp-content\\\/uploads\\\/2022\\\/09\\\/image1-96x96.jpg\",\"contentUrl\":\"https:\\\/\\\/diariodebordo.net\\\/wp-content\\\/uploads\\\/2022\\\/09\\\/image1-96x96.jpg\",\"caption\":\"Bebeto Azevedo\"},\"url\":\"https:\\\/\\\/www.diariodebordo.net\\\/?author=2\"}]}<\/script>\n<!-- \/ Yoast SEO plugin. -->","yoast_head_json":{"title":"Hotel Ritta H\u00f6ppner recebe Confer\u00eancia Medical San e refor\u00e7a protagonismo de Gramado no turismo de neg\u00f3cios - Experi\u00eancias que conectam marcas, pessoas e momentos","robots":{"index":"index","follow":"follow","max-snippet":"max-snippet:-1","max-image-preview":"max-image-preview:large","max-video-preview":"max-video-preview:-1"},"canonical":"http:\/\/diariodebordo.net\/?p=34703","og_locale":"pt_BR","og_type":"article","og_title":"Hotel Ritta H\u00f6ppner recebe Confer\u00eancia Medical San e refor\u00e7a protagonismo de Gramado no turismo de neg\u00f3cios - Experi\u00eancias que conectam marcas, pessoas e momentos","og_description":"O Hotel Ritta H\u00f6ppner, em Gramado, foi palco de dois importantes encontros voltados ao empreendedorismo e ao mercado da est\u00e9tica entre os dias 13 e 15 de mar\u00e7o. A programa\u00e7\u00e3o reuniu empres\u00e1rios, profissionais e especialistas de diferentes regi\u00f5es do pa\u00eds em momentos de networking, troca de conhecimento e desenvolvimento de neg\u00f3cios. No dia 13 de","og_url":"http:\/\/diariodebordo.net\/?p=34703","og_site_name":"Experi\u00eancias que conectam marcas, pessoas e momentos","article_published_time":"2026-03-17T04:28:04+00:00","og_image":[{"width":1600,"height":900,"url":"http:\/\/diariodebordo.net\/wp-content\/uploads\/2026\/03\/IMG_7569.jpeg","type":"image\/jpeg"}],"author":"Bebeto Azevedo","twitter_card":"summary_large_image","twitter_misc":{"Escrito por":"Bebeto Azevedo","Est. tempo de leitura":"3 minutos"},"schema":{"@context":"https:\/\/schema.org","@graph":[{"@type":"Article","@id":"http:\/\/diariodebordo.net\/?p=34703#article","isPartOf":{"@id":"http:\/\/diariodebordo.net\/?p=34703"},"author":{"name":"Bebeto Azevedo","@id":"https:\/\/diariodebordo.net\/#\/schema\/person\/f7ac4c3cb0758b4042d9ee8b088132a7"},"headline":"Hotel Ritta H\u00f6ppner recebe Confer\u00eancia Medical San e refor\u00e7a protagonismo de Gramado no turismo de neg\u00f3cios","datePublished":"2026-03-17T04:28:04+00:00","mainEntityOfPage":{"@id":"http:\/\/diariodebordo.net\/?p=34703"},"wordCount":446,"commentCount":0,"publisher":{"@id":"https:\/\/diariodebordo.net\/#organization"},"image":{"@id":"http:\/\/diariodebordo.net\/?p=34703#primaryimage"},"thumbnailUrl":"https:\/\/www.diariodebordo.net\/wp-content\/uploads\/2026\/03\/IMG_7569.jpeg","articleSection":["ATUALIDADES","Brasil","DESTAQUES","EMPRESARIAL","EVENTOS","LAN\u00c7AMENTOS","NOT\u00cdCIA RECENTE","Rio Grande do Sul","SA\u00daDE","Serra Ga\u00facha"],"inLanguage":"pt-BR","potentialAction":[{"@type":"CommentAction","name":"Comment","target":["http:\/\/diariodebordo.net\/?p=34703#respond"]}]},{"@type":"WebPage","@id":"http:\/\/diariodebordo.net\/?p=34703","url":"http:\/\/diariodebordo.net\/?p=34703","name":"Hotel Ritta H\u00f6ppner recebe Confer\u00eancia Medical San e refor\u00e7a protagonismo de Gramado no turismo de neg\u00f3cios - Experi\u00eancias que conectam marcas, pessoas e momentos","isPartOf":{"@id":"https:\/\/diariodebordo.net\/#website"},"primaryImageOfPage":{"@id":"http:\/\/diariodebordo.net\/?p=34703#primaryimage"},"image":{"@id":"http:\/\/diariodebordo.net\/?p=34703#primaryimage"},"thumbnailUrl":"https:\/\/www.diariodebordo.net\/wp-content\/uploads\/2026\/03\/IMG_7569.jpeg","datePublished":"2026-03-17T04:28:04+00:00","breadcrumb":{"@id":"http:\/\/diariodebordo.net\/?p=34703#breadcrumb"},"inLanguage":"pt-BR","potentialAction":[{"@type":"ReadAction","target":["http:\/\/diariodebordo.net\/?p=34703"]}]},{"@type":"ImageObject","inLanguage":"pt-BR","@id":"http:\/\/diariodebordo.net\/?p=34703#primaryimage","url":"https:\/\/www.diariodebordo.net\/wp-content\/uploads\/2026\/03\/IMG_7569.jpeg","contentUrl":"https:\/\/www.diariodebordo.net\/wp-content\/uploads\/2026\/03\/IMG_7569.jpeg","width":1600,"height":900},{"@type":"BreadcrumbList","@id":"http:\/\/diariodebordo.net\/?p=34703#breadcrumb","itemListElement":[{"@type":"ListItem","position":1,"name":"In\u00edcio","item":"https:\/\/diariodebordo.net\/"},{"@type":"ListItem","position":2,"name":"Hotel Ritta H\u00f6ppner recebe Confer\u00eancia Medical San e refor\u00e7a protagonismo de Gramado no turismo de neg\u00f3cios"}]},{"@type":"WebSite","@id":"https:\/\/diariodebordo.net\/#website","url":"https:\/\/diariodebordo.net\/","name":"Experi\u00eancias que conectam marcas, pessoas e momentos","description":"M\u00eddia, eventos e conte\u00fado em uma plataforma que gera presen\u00e7a, relev\u00e2ncia e movimento.","publisher":{"@id":"https:\/\/diariodebordo.net\/#organization"},"potentialAction":[{"@type":"SearchAction","target":{"@type":"EntryPoint","urlTemplate":"https:\/\/diariodebordo.net\/?s={search_term_string}"},"query-input":{"@type":"PropertyValueSpecification","valueRequired":true,"valueName":"search_term_string"}}],"inLanguage":"pt-BR"},{"@type":"Organization","@id":"https:\/\/diariodebordo.net\/#organization","name":"Experi\u00eancias que conectam marcas, pessoas e momentos","url":"https:\/\/diariodebordo.net\/","logo":{"@type":"ImageObject","inLanguage":"pt-BR","@id":"https:\/\/diariodebordo.net\/#\/schema\/logo\/image\/","url":"https:\/\/www.diariodebordo.net\/wp-content\/uploads\/2026\/04\/cropped-cropped-20260419_052322_0001-2.png","contentUrl":"https:\/\/www.diariodebordo.net\/wp-content\/uploads\/2026\/04\/cropped-cropped-20260419_052322_0001-2.png","width":512,"height":214,"caption":"Experi\u00eancias que conectam marcas, pessoas e momentos "},"image":{"@id":"https:\/\/diariodebordo.net\/#\/schema\/logo\/image\/"}},{"@type":"Person","@id":"https:\/\/diariodebordo.net\/#\/schema\/person\/f7ac4c3cb0758b4042d9ee8b088132a7","name":"Bebeto Azevedo","image":{"@type":"ImageObject","inLanguage":"pt-BR","@id":"https:\/\/diariodebordo.net\/wp-content\/uploads\/2022\/09\/image1-96x96.jpg","url":"https:\/\/diariodebordo.net\/wp-content\/uploads\/2022\/09\/image1-96x96.jpg","contentUrl":"https:\/\/diariodebordo.net\/wp-content\/uploads\/2022\/09\/image1-96x96.jpg","caption":"Bebeto Azevedo"},"url":"https:\/\/www.diariodebordo.net\/?author=2"}]}},"_links":{"self":[{"href":"https:\/\/www.diariodebordo.net\/index.php?rest_route=\/wp\/v2\/posts\/34703","targetHints":{"allow":["GET"]}}],"collection":[{"href":"https:\/\/www.diariodebordo.net\/index.php?rest_route=\/wp\/v2\/posts"}],"about":[{"href":"https:\/\/www.diariodebordo.net\/index.php?rest_route=\/wp\/v2\/types\/post"}],"author":[{"embeddable":true,"href":"https:\/\/www.diariodebordo.net\/index.php?rest_route=\/wp\/v2\/users\/2"}],"replies":[{"embeddable":true,"href":"https:\/\/www.diariodebordo.net\/index.php?rest_route=%2Fwp%2Fv2%2Fcomments&post=34703"}],"version-history":[{"count":1,"href":"https:\/\/www.diariodebordo.net\/index.php?rest_route=\/wp\/v2\/posts\/34703\/revisions"}],"predecessor-version":[{"id":34705,"href":"https:\/\/www.diariodebordo.net\/index.php?rest_route=\/wp\/v2\/posts\/34703\/revisions\/34705"}],"wp:featuredmedia":[{"embeddable":true,"href":"https:\/\/www.diariodebordo.net\/index.php?rest_route=\/wp\/v2\/media\/34704"}],"wp:attachment":[{"href":"https:\/\/www.diariodebordo.net\/index.php?rest_route=%2Fwp%2Fv2%2Fmedia&parent=34703"}],"wp:term":[{"taxonomy":"category","embeddable":true,"href":"https:\/\/www.diariodebordo.net\/index.php?rest_route=%2Fwp%2Fv2%2Fcategories&post=34703"},{"taxonomy":"post_tag","embeddable":true,"href":"https:\/\/www.diariodebordo.net\/index.php?rest_route=%2Fwp%2Fv2%2Ftags&post=34703"}],"curies":[{"name":"wp","href":"https:\/\/api.w.org\/{rel}","templated":true}]}}