{"id":34650,"date":"2026-03-09T19:47:11","date_gmt":"2026-03-09T22:47:11","guid":{"rendered":"https:\/\/www.diariodebordo.net\/?p=34650"},"modified":"2026-03-09T20:45:29","modified_gmt":"2026-03-09T23:45:29","slug":"cirque-du-soleil-visitara-sao-paulo-e-curitiba-com-alegria-um-novo-dia-uma-extraordinaria-releitura-de-sua-producao-mais-iconica","status":"publish","type":"post","link":"https:\/\/www.diariodebordo.net\/?p=34650","title":{"rendered":"CIRQUE DU SOLEIL visitar\u00e1 S\u00e3o Paulo e Curitiba com Alegr\u00eda &#8211; Um Novo Dia, uma extraordin\u00e1ria releitura de sua produ\u00e7\u00e3o mais ic\u00f4nica"},"content":{"rendered":"<p style=\"text-align: center;\"><strong>Um cl\u00e1ssico atemporal, reimaginado para o hoje<br \/>\n<\/strong><strong>Apresentado pela EQI Investimentos, a partir de 20 de agosto, sob a Grande Tenda (<em>Big Top<\/em>), no Parque Villa-Lobos, em S\u00e3o Paulo, e 19 de novembro, no Expotrade, em Curitiba<\/strong><strong>\u00a0<\/strong><\/p>\n<p style=\"text-align: center;\"><em>P\u00fablico poder\u00e1 adquirir seus ingressos em\u00a0<\/em><a href=\"http:\/\/www.eventim.com.br\/cirquealegria\" target=\"_blank\" rel=\"noopener noreferrer\" data-saferedirecturl=\"https:\/\/www.google.com\/url?q=http:\/\/www.eventim.com.br\/cirquealegria&amp;source=gmail&amp;ust=1773181894094000&amp;usg=AOvVaw2AGenYpOzAAX_CPuxHnS0s\"><em>www.eventim.com.br\/<wbr \/>cirquealegria<\/em><\/a><em>\u00a0e nas bilheterias oficiais<\/em><\/p>\n<p><img decoding=\"async\" class=\"aligncenter\" src=\"https:\/\/ci3.googleusercontent.com\/meips\/ADKq_NZUB9L5wFYD88JH5oC6JkL4zZaelc_z4huWT4AMXaTqkA_SFY0AGWDPuZEZYWuxgZoaBmJ1B700qUXBA0tQtmTqvzvB5fTQeVXT_rXIx8KGsv42D51LHfb4OgqdkyLO2wY1kJm_jLWOG41J_j77yLGHdcu86uePvZo4M_2Pyu870sqLjchZqdFxVsmAIal0rNnEd4ECY1k=s0-d-e1-ft#https:\/\/files.pressmanager.net\/clientes\/625b13d2e0f9dc14e52ac4deac083e71\/imagens\/2026\/03\/09\/789fb280598c2a0e8ac1dda2d91eeecd.jpg\" alt=\"\" width=\"600\" \/><\/p>\n<p><em>\u00a0 \u00a0 \u00a0 \u00a0 \u00a0 \u00a0 \u00a0 \u00a0 \u00a0 \u00a0 \u00a0 \u00a0 \u00a0 \u00a0 \u00a0 \u00a0 \u00a0 \u00a0 \u00a0 \u00a0 \u00a0 \u00a0 \u00a0 \u00a0 \u00a0 \u00a0 \u00a0 \u00a0 \u00a0 \u00a0 \u00a0 \u00a0 \u00a0 \u00a0 \u00a0 \u00a0 \u00a0 \u00a0 \u00a0 \u00a0 \u00a0 \u00a0 \u00a0 \u00a0 \u00a0 \u00a0 \u00a0 \u00a0 \u00a0 \u00a0 \u00a0 \u00a0 \u00a0 \u00a0 \u00a0 \u00a0 \u00a0 \u00a0 \u00a0 \u00a0 \u00a0 \u00a0 \u00a0 \u00a0 \u00a0 \u00a0 \u00a0 \u00a0 \u00a0 \u00a0 \u00a0 \u00a0 \u00a0 \u00a0 \u00a0 \u00a0 \u00a0 \u00a0 \u00a0 \u00a0 \u00a0 \u00a0 \u00a0 \u00a0 \u00a0 \u00a0 \u00a0 \u00a0 \u00a0 \u00a0 \u00a0 \u00a0 \u00a0 \u00a0Cr\u00e9ditos: Anne-Marie Forker<\/em><\/p>\n<p><strong><em>Cirque du Soleil\u00a0 <\/em><\/strong>volta ao\u00a0<strong>Brasil\u00a0<\/strong>com\u00a0<strong><em>Alegr\u00eda<\/em><\/strong><strong>\u00a0&#8211; Um Novo Dia<\/strong>, uma ousada releitura de sua produ\u00e7\u00e3o mais ic\u00f4nica,\u00a0<em>Alegr\u00eda<\/em>. Em\u00a0<strong>2026<\/strong>, a partir de\u00a0<strong>20 de agosto\u00a0<\/strong>at\u00e9\u00a0<strong>8 de novembro<\/strong>, em\u00a0<strong>S\u00e3o Paulo<\/strong>, e de\u00a0<strong>19 de novembro\u00a0<\/strong>a<strong>\u00a013 de dezembro<\/strong>, em\u00a0<strong>Curitiba<\/strong>, o p\u00fablico ser\u00e1 convidado a entrar sob a Grande Tenda (<em>Big Top<\/em>) para vivenciar toda a magia do cl\u00e1ssico atemporal do\u00a0<em>Cirque du Soleil<\/em>, reinventado para uma nova gera\u00e7\u00e3o.\u00a0<em><br \/>\n<\/em><\/p>\n<p><strong>Informa\u00e7\u00f5es sobre ingressos<\/strong><\/p>\n<ul>\n<li aria-level=\"1\"><strong>Pr\u00e9-venda EQI Investimentos:\u00a0<\/strong>ingressos dispon\u00edveis nas bilheterias f\u00edsicas e online a partir de 16 de mar\u00e7o, \u00e0s 10h, at\u00e9 29 de mar\u00e7o, \u00e0s 23:59.<\/li>\n<li aria-level=\"1\"><strong>Pr\u00e9-venda Cirque Club:<\/strong>\u00a0ingressos estar\u00e3o dispon\u00edveis online, com exclusividade para membros do Cirque Club, em 30 de mar\u00e7o, das 10h at\u00e9 \u00e0s 23:59. Para assinatura gratuita, visite\u00a0<a href=\"http:\/\/cirqueclub.com\/\" target=\"_blank\" rel=\"noopener noreferrer\" data-saferedirecturl=\"https:\/\/www.google.com\/url?q=http:\/\/cirqueclub.com&amp;source=gmail&amp;ust=1773181894094000&amp;usg=AOvVaw0aGimOn4rZqOE0tkD5rCzc\">cirqueclub.com<\/a>.<\/li>\n<li aria-level=\"1\"><strong>Venda geral:<\/strong>\u00a0a partir de 31 de mar\u00e7o, \u00e0s 10h, nas bilheterias f\u00edsicas e online.<\/li>\n<\/ul>\n<p><strong>Parceiros Oficiais<\/strong><\/p>\n<p>O\u00a0<em>Cirque du Soleil<\/em>\u00a0agradece a seus parceiros oficiais no Brasil:<br \/>\nApresenta\u00e7\u00e3o,\u00a0<strong>EQI Investimentos<\/strong>. Patroc\u00ednio Master,\u00a0<strong>Shell<\/strong>. Patroc\u00ednio Gold,\u00a0<strong>Accor<\/strong>;\u00a0<strong>Zurich Santander Seguros e Previd\u00eancia Brasil\u00a0<\/strong>e\u00a0<strong>P\u00e1tio Batel<\/strong>. Cerveja Oficial,\u00a0<strong>Blue Moon<\/strong>. Vinho Oficial,\u00a0<strong>World Wine<\/strong>.\u00a0Realiza\u00e7\u00e3o,\u00a0<strong>IMM.<\/strong><strong><br \/>\n<\/strong><\/p>\n<p><strong>Sobre o show<\/strong><\/p>\n<p><strong><em>Alegr\u00eda<\/em><\/strong><strong>\u00a0\u2013 Um Novo Dia<\/strong>\u00a0\u00e9 uma extraordin\u00e1ria releitura do cl\u00e1ssico\u00a0<em>Alegr\u00eda<\/em>, do\u00a0<em>Cirque du Soleil<\/em>\u00a0\u2014 um dos espet\u00e1culos mais amados da companhia, que ajudou a forjar seu estilo caracter\u00edstico ao encantar mais de 14 milh\u00f5es de espectadores em 255 cidades ao redor do mundo, entre 1994 e 2013. T\u00e3o ic\u00f4nica quanto a pr\u00f3pria montagem ao vivo, a trilha sonora de\u00a0<em>Alegr\u00eda<\/em>\u00a0\u2014 com sua faixa-t\u00edtulo de grande sucesso \u2014 recebeu uma indica\u00e7\u00e3o ao Grammy ap\u00f3s seu lan\u00e7amento, em 1995, e continua sendo, at\u00e9 hoje, o \u00e1lbum mais comprado e reproduzido do\u00a0<em>Cirque du Soleil<\/em>. Em turn\u00ea pelo Brasil entre 2006 e 2007,\u00a0<strong>Alegr\u00eda<\/strong>\u00a0estabeleceu um v\u00ednculo inquebr\u00e1vel entre o\u00a0<strong>Cirque du Soleil<\/strong>\u00a0e o p\u00fablico brasileiro, abrindo caminho para outras sete produ\u00e7\u00f5es que passaram a circular pelo pa\u00eds desde ent\u00e3o.<\/p>\n<p>Ao redefinir a narrativa original e a dire\u00e7\u00e3o de cena, renovar os n\u00fameros acrob\u00e1ticos e adotar uma est\u00e9tica contempor\u00e2nea,\u00a0<strong><em>Alegr\u00eda<\/em><\/strong><strong>\u00a0\u2013 Um Novo Dia<\/strong>\u00a0apresenta uma cria\u00e7\u00e3o surpreendente \u2014 uma vers\u00e3o moderna que reacende as emo\u00e7\u00f5es e a magia de\u00a0<em>Alegr\u00eda<\/em>, celebrando os pilares do sucesso do espet\u00e1culo: suas melodias inesquec\u00edveis, temas atemporais e um universo barroco imersivo, repleto de lirismo e nostalgia.<\/p>\n<p><em>&#8220;<\/em><em>Alegr\u00eda<\/em><em>\u00a0ir\u00e1 tirar o seu f\u00f4lego mais uma vez&#8221;<\/em><\/p>\n<p><strong>Evening Standard (Londres, 2024)<\/strong><\/p>\n<p><em>&#8220;O\u00a0<\/em><em>Cirque du Soleil atinge com &#8216;Alegr\u00eda&#8217; seu feito mais dif\u00edcil at\u00e9 hoje: superar a montagem original<\/em><em>&#8220;<\/em><\/p>\n<p><strong>El Peri\u00f3dico (Barcelona, 2024)<\/strong><\/p>\n<p>Uma ode acrob\u00e1tica \u00e0 for\u00e7a da esperan\u00e7a,\u00a0<strong><em>Alegr\u00eda<\/em><\/strong><strong>\u00a0\u2013 Um Novo Dia<\/strong>\u00a0explora a disputa de poder entre a velha ordem e a juventude que anseia por renova\u00e7\u00e3o, no cora\u00e7\u00e3o de um reino outrora glorioso que perdeu seu rei. Enquanto o bobo da corte tenta, desajeitadamente, assumir o trono, um desejo crescente de mudan\u00e7a emerge das ruas para desafiar o status quo e devolver a alegria a um mundo em decad\u00eancia.<\/p>\n<p>Como \u00e9 tradi\u00e7\u00e3o no\u00a0<em>Cirque du Soleil<\/em>,\u00a0<strong><em>Alegr\u00eda<\/em><\/strong><strong>\u00a0\u2013 Um Novo Dia<\/strong>\u00a0surpreende com uma fus\u00e3o poderosa de acrobacias emocionantes, trilha sonora ao vivo de arrepiar, figurinos exuberantes, cen\u00e1rios inovadores e um humor irresist\u00edvel \u2014 transformando a Grande Tenda (<em>Big Top<\/em>) em um reino imagin\u00e1rio onde a revolu\u00e7\u00e3o paira no ar. Com um elenco de 54 artistas de diversas partes do mundo, o cl\u00e1ssico reinventado j\u00e1 encantou mais de 3,5 milh\u00f5es de espectadores em sete pa\u00edses desde sua estreia em 2019.<\/p>\n<p>Para mais informa\u00e7\u00f5es, acesse:\u00a0<a href=\"http:\/\/cirquedusoleil.com\/alegria\" target=\"_blank\" rel=\"noopener noreferrer\" data-saferedirecturl=\"https:\/\/www.google.com\/url?q=http:\/\/cirquedusoleil.com\/alegria&amp;source=gmail&amp;ust=1773181894095000&amp;usg=AOvVaw0HnzKdsPJwlsydF5crIEwU\">cirquedusoleil.com\/alegria<\/a>.<\/p>\n<p><strong>Dados curiosos sobre o espet\u00e1culo<\/strong><\/p>\n<p><em>&#8211;\u00a0<\/em><strong><em>Alegr\u00eda<\/em><\/strong><strong>\u00a0\u2013 Um Novo Dia\u00a0<\/strong>j\u00e1 foi visto por\u00a0<strong>mais de 4 milh\u00f5es de pessoas desde 2019<\/strong>, em\u00a0<strong>10 pa\u00edses<\/strong>.<br \/>\n&#8211; A montagem original de\u00a0<em>Alegr\u00eda<\/em>\u00a0foi assistida por\u00a0<strong>mais de 14 milh\u00f5es de espectadores<\/strong>, em\u00a0<strong>255 cidades ao redor do mundo<\/strong>, entre\u00a0<strong>1994 e 2013<\/strong>.<br \/>\n&#8211; A trilha sonora de\u00a0<em>Alegr\u00eda<\/em>, que inclui sua faixa-t\u00edtulo ic\u00f4nica, recebeu\u00a0<strong>indica\u00e7\u00e3o ao Grammy em 1995<\/strong>\u00a0e permanece at\u00e9 hoje como o\u00a0<strong>\u00e1lbum mais vendido e mais reproduzido em streaming<\/strong>\u00a0da hist\u00f3ria do\u00a0<em>Cirque du Soleil<\/em>.<br \/>\n&#8211; A turn\u00ea conta com\u00a0<strong>119 profissionais<\/strong>\u00a0entre elenco e equipe t\u00e9cnica.<br \/>\n&#8211; O espet\u00e1culo re\u00fane profissionais de\u00a0<strong>25 pa\u00edses diferentes<\/strong>.- Nos bastidores, s\u00e3o falados\u00a0<strong>14 idiomas<\/strong>.<br \/>\n&#8211; Somente no elenco art\u00edstico, s\u00e3o\u00a0<strong>54 artistas de 18 pa\u00edses<\/strong>: Argentina, Belarus, Brasil, Canad\u00e1, China, Cro\u00e1cia, Dinamarca, Fran\u00e7a, Alemanha, Mong\u00f3lia, R\u00fassia, Samoa, Espanha, Su\u00ed\u00e7a, Ucr\u00e2nia, Reino Unido, Estados Unidos e Venezuela.<br \/>\n&#8211; A produ\u00e7\u00e3o viaja com\u00a0<strong>mais de 2.000 toneladas de equipamentos<\/strong>.<br \/>\n&#8211; S\u00e3o necess\u00e1rios\u00a0<strong>8 dias para montar<\/strong>\u00a0a Vila do\u00a0<strong>Cirque du Soleil<\/strong>\u00a0e\u00a0<strong>2 dias para a desmontagem<\/strong>\u00a0completa.<br \/>\n&#8211; A\u00a0<strong>Grande Tenda (Big Top)<\/strong>\u00a0tem\u00a0<strong>51 metros de di\u00e2metro<\/strong>.<br \/>\n&#8211; A equipe viaja com\u00a0<strong>mais de 1.500 pe\u00e7as de figurino<\/strong>.<br \/>\n&#8211; S\u00e3o servidas diariamente\u00a0<strong>mais de 250 refei\u00e7\u00f5es<\/strong>\u00a0na cozinha da Vila do\u00a0<em>Cirque du Soleil<\/em>.<\/p>\n<p><strong>Sobre o\u00a0<\/strong><strong><em>Cirque du Soleil<\/em><\/strong><strong>\u00a0Entertainment Group<\/strong><\/p>\n<p>O\u00a0<em>Cirque du Soleil<\/em>\u00a0Entertainment Group \u00e9 l\u00edder mundial em entretenimento ao vivo. Com mais de quatro d\u00e9cadas ultrapassando os limites da imagina\u00e7\u00e3o, a companhia art\u00edstica traz sua abordagem criativa a uma grande variedade de formas art\u00edsticas, como shows ao vivo, produ\u00e7\u00f5es multim\u00eddia, conte\u00fado de longa dura\u00e7\u00e3o, m\u00fasica, experi\u00eancias imersivas e eventos especiais. O\u00a0<em>Cirque du Soleil<\/em>\u00a0Entertainment Group celebra 40 anos desafiando a realidade, definindo o entretenimento e iluminando o mundo por meio da arte e da criatividade. Desde sua cria\u00e7\u00e3o em 1984, mais de 400 milh\u00f5es de pessoas foram inspiradas em 6 continentes e 86 pa\u00edses. A empresa canadense conta hoje com mais de 4.000 colaboradores, incluindo 1.200 artistas de mais de 80 nacionalidades diferentes. Para mais informa\u00e7\u00f5es sobre o\u00a0<em>Cirque du Soleil<\/em>\u00a0Entertainment Group, visite\u00a0<a rel=\"noreferrer\">cirquedusoleil.com<\/a>.<\/p>\n<p><strong>Sobre a IMM<\/strong><\/p>\n<p>H\u00e1 mais de 11 anos no mercado, a IMM, que atua nas \u00e1reas de M\u00eddia, Esportes e Entretenimento, \u00e9 refer\u00eancia em entretenimento ao vivo para p\u00fablicos e marcas, e seu portf\u00f3lio \u00e9 seu maior diferencial. Ele vai do Rio Open, o maior torneio de t\u00eanis da Am\u00e9rica do Sul, a musicais da Broadway de primeira linha, incluindo Cirque du Soleil, o maior festival gastron\u00f4mico do mundo, Taste Festivals, a GO CUP, o maior torneio de futebol infantil do mundo, e a S\u00e3o Paulo Fashion Week, a maior semana de moda do Hemisf\u00e9rio Sul. A partir de 2025, a IMM tamb\u00e9m passou a ser respons\u00e1vel pela equipe Mubadala Brazil SailGP e pela etapa brasileira da corrida mais emocionante sobre a \u00e1gua, a ENEL Rio SailGP.<\/p>\n<p>Siga #Alegria nas redes sociais:\u00a0<a href=\"https:\/\/www.facebook.com\/Alegria\" target=\"_blank\" rel=\"noopener noreferrer\" data-saferedirecturl=\"https:\/\/www.google.com\/url?q=https:\/\/www.facebook.com\/Alegria&amp;source=gmail&amp;ust=1773181894095000&amp;usg=AOvVaw3yneFAm8qhgFoiWB63K0oR\">Facebook<\/a>\u00a0|\u00a0<a href=\"https:\/\/www.instagram.com\/alegria.cirquedusoleil\/\" target=\"_blank\" rel=\"noopener noreferrer\" data-saferedirecturl=\"https:\/\/www.google.com\/url?q=https:\/\/www.instagram.com\/alegria.cirquedusoleil\/&amp;source=gmail&amp;ust=1773181894096000&amp;usg=AOvVaw08MsWXYM4zTqGOCOswX6sk\">Instagram<br \/>\n<\/a>Siga #cirquedusoleil nas redes sociais:\u00a0\u00a0<a href=\"https:\/\/www.facebook.com\/cirquedusoleil\" target=\"_blank\" rel=\"noopener noreferrer\" data-saferedirecturl=\"https:\/\/www.google.com\/url?q=https:\/\/www.facebook.com\/cirquedusoleil&amp;source=gmail&amp;ust=1773181894096000&amp;usg=AOvVaw10PWJ0uGFTEnxtuV5D5REG\">Facebook<\/a>\u00a0|\u00a0<a href=\"http:\/\/www.twitter.com\/cirque\" target=\"_blank\" rel=\"noopener noreferrer\" data-saferedirecturl=\"https:\/\/www.google.com\/url?q=http:\/\/www.twitter.com\/cirque&amp;source=gmail&amp;ust=1773181894096000&amp;usg=AOvVaw1alpXGyx-YZQ71qpOxAj95\">X<\/a>\u00a0|\u00a0<a href=\"http:\/\/www.instagram.com\/cirquedusoleil\" target=\"_blank\" rel=\"noopener noreferrer\" data-saferedirecturl=\"https:\/\/www.google.com\/url?q=http:\/\/www.instagram.com\/cirquedusoleil&amp;source=gmail&amp;ust=1773181894096000&amp;usg=AOvVaw0lFU2v6G77stBuLEiYysKe\">Instagram<\/a>\u00a0|\u00a0<a href=\"https:\/\/www.youtube.com\/channel\/UCPiWIjwDZQo3UobMqvi4ggg\" target=\"_blank\" rel=\"noopener noreferrer\" data-saferedirecturl=\"https:\/\/www.google.com\/url?q=https:\/\/www.youtube.com\/channel\/UCPiWIjwDZQo3UobMqvi4ggg&amp;source=gmail&amp;ust=1773181894096000&amp;usg=AOvVaw3KEuDXqGMGpCNzrD6M2Er1\">YouTube<\/a><\/p>\n<p><em>\u00a0 \u00a0 \u00a0 \u00a0 \u00a0 \u00a0 \u00a0 \u00a0 \u00a0 \u00a0 \u00a0 \u00a0 \u00a0 \u00a0 \u00a0 \u00a0 \u00a0 \u00a0 \u00a0 \u00a0 \u00a0 \u00a0 \u00a0 \u00a0 \u00a0 \u00a0 \u00a0 \u00a0 \u00a0 \u00a0 \u00a0 \u00a0 \u00a0 \u00a0 \u00a0 \u00a0 \u00a0 \u00a0 \u00a0 \u00a0 \u00a0 \u00a0 \u00a0 \u00a0 \u00a0 \u00a0 \u00a0 \u00a0 \u00a0 \u00a0 \u00a0 \u00a0 \u00a0 \u00a0 \u00a0 \u00a0 \u00a0 \u00a0 \u00a0 \u00a0 \u00a0 \u00a0 \u00a0 \u00a0 \u00a0 \u00a0 \u00a0 \u00a0 \u00a0 \u00a0 \u00a0 \u00a0 \u00a0 \u00a0 \u00a0 \u00a0 \u00a0 \u00a0 \u00a0 \u00a0 \u00a0 \u00a0 \u00a0 \u00a0 \u00a0 \u00a0 \u00a0 \u00a0 \u00a0 \u00a0 \u00a0 \u00a0 \u00a0 \u00a0 \u00a0 \u00a0 \u00a0 \u00a0 \u00a0 \u00a0 \u00a0 \u00a0 \u00a0 \u00a0 \u00a0 \u00a0 \u00a0 \u00a0 \u00a0 \u00a0 \u00a0 \u00a0 \u00a0 Cr\u00e9ditos: Anne-Marie Forker<\/em><\/p>\n<div id='gallery-1' class='gallery galleryid-34650 gallery-columns-3 gallery-size-medium'><figure class='gallery-item'>\n\t\t\t<div class='gallery-icon portrait'>\n\t\t\t\t<a href='https:\/\/www.diariodebordo.net\/?attachment_id=34655'><img loading=\"lazy\" decoding=\"async\" width=\"200\" height=\"300\" src=\"https:\/\/www.diariodebordo.net\/wp-content\/uploads\/2026\/03\/09-Aerial-Straps_04737-200x300.jpg\" class=\"attachment-medium size-medium\" alt=\"\" \/><\/a>\n\t\t\t<\/div><\/figure><figure class='gallery-item'>\n\t\t\t<div class='gallery-icon landscape'>\n\t\t\t\t<a href='https:\/\/www.diariodebordo.net\/?attachment_id=34653'><img loading=\"lazy\" decoding=\"async\" width=\"300\" height=\"150\" src=\"https:\/\/www.diariodebordo.net\/wp-content\/uploads\/2026\/03\/2026_ALE_AMForker_Unltd_Finale_59-300x150.jpg\" class=\"attachment-medium size-medium\" alt=\"\" \/><\/a>\n\t\t\t<\/div><\/figure><figure class='gallery-item'>\n\t\t\t<div class='gallery-icon portrait'>\n\t\t\t\t<a href='https:\/\/www.diariodebordo.net\/?attachment_id=34651'><img loading=\"lazy\" decoding=\"async\" width=\"240\" height=\"300\" src=\"https:\/\/www.diariodebordo.net\/wp-content\/uploads\/2026\/03\/2026_ALE_AMForker_Unltd_FireKnifeDance_55-240x300.jpg\" class=\"attachment-medium size-medium\" alt=\"\" \/><\/a>\n\t\t\t<\/div><\/figure><figure class='gallery-item'>\n\t\t\t<div class='gallery-icon landscape'>\n\t\t\t\t<a href='https:\/\/www.diariodebordo.net\/?attachment_id=34657'><img loading=\"lazy\" decoding=\"async\" width=\"300\" height=\"200\" src=\"https:\/\/www.diariodebordo.net\/wp-content\/uploads\/2026\/03\/16-Flying-Trapeze_07815-300x200.jpg\" class=\"attachment-medium size-medium\" alt=\"\" \/><\/a>\n\t\t\t<\/div><\/figure><figure class='gallery-item'>\n\t\t\t<div class='gallery-icon landscape'>\n\t\t\t\t<a href='https:\/\/www.diariodebordo.net\/?attachment_id=34656'><img loading=\"lazy\" decoding=\"async\" width=\"300\" height=\"200\" src=\"https:\/\/www.diariodebordo.net\/wp-content\/uploads\/2026\/03\/10-Clowns-Snow-clean-up_05531-300x200.jpg\" class=\"attachment-medium size-medium\" alt=\"\" \/><\/a>\n\t\t\t<\/div><\/figure><figure class='gallery-item'>\n\t\t\t<div class='gallery-icon landscape'>\n\t\t\t\t<a href='https:\/\/www.diariodebordo.net\/?attachment_id=34652'><img loading=\"lazy\" decoding=\"async\" width=\"300\" height=\"240\" src=\"https:\/\/www.diariodebordo.net\/wp-content\/uploads\/2026\/03\/2026_ALE_AMForker_Unltd_CyrWheel_09-300x240.jpg\" class=\"attachment-medium size-medium\" alt=\"\" \/><\/a>\n\t\t\t<\/div><\/figure>\n\t\t<\/div>\n\n<p>&nbsp;<\/p>\n<p><em>\u00a0 \u00a0 \u00a0 \u00a0 \u00a0 \u00a0 \u00a0 \u00a0 \u00a0 \u00a0 \u00a0 \u00a0 \u00a0 \u00a0 \u00a0 \u00a0 \u00a0 \u00a0 \u00a0 \u00a0 \u00a0 \u00a0 \u00a0 \u00a0 \u00a0 \u00a0 \u00a0 \u00a0 \u00a0 \u00a0 \u00a0 \u00a0 \u00a0 \u00a0 \u00a0 \u00a0 \u00a0 \u00a0 \u00a0 \u00a0 \u00a0 \u00a0 \u00a0 \u00a0 \u00a0 \u00a0 \u00a0 \u00a0 \u00a0 \u00a0 \u00a0 \u00a0 \u00a0 \u00a0 \u00a0 \u00a0 \u00a0 \u00a0 \u00a0 \u00a0 \u00a0 \u00a0 \u00a0 \u00a0 \u00a0 \u00a0 \u00a0 \u00a0 \u00a0 \u00a0 \u00a0 \u00a0 \u00a0 \u00a0 \u00a0 \u00a0 \u00a0 \u00a0 \u00a0 \u00a0 \u00a0 \u00a0 \u00a0 \u00a0 \u00a0 \u00a0 \u00a0 \u00a0 \u00a0 \u00a0 \u00a0 \u00a0 \u00a0 \u00a0 \u00a0 \u00a0 \u00a0 \u00a0 \u00a0 \u00a0 \u00a0 \u00a0 \u00a0 \u00a0 \u00a0 \u00a0 \u00a0 \u00a0 \u00a0 \u00a0 \u00a0 \u00a0 \u00a0 \u00a0 Cr\u00e9ditos: Anne-Marie Forker<\/em><\/p>\n<p><strong>SERVI\u00c7O<\/strong><strong><br \/>\n<\/strong><strong><em>CIRQUE DU SOLEIL<\/em><\/strong><strong>:\u00a0<\/strong><strong><em>ALEGR\u00cdA\u00a0<\/em><\/strong><strong>&#8211; UM NOVO DIA<\/strong><\/p>\n<p><strong>S\u00c3O PAULO<\/strong><\/p>\n<p><strong>Local:<\/strong>\u00a0Parque Villa-Lobos<\/p>\n<p><strong>Endere\u00e7o:<\/strong>\u00a0<a href=\"https:\/\/www.google.com\/maps\/search\/Av.+Queiroz+Filho,+1.315?entry=gmail&amp;source=g\">Av. Queiroz Filho, 1.315<\/a>\u00a0(Bols\u00e3o B), Vila Hamburguesa, S\u00e3o Paulo, SP<\/p>\n<p><strong>Temporada:\u00a0<\/strong>de 20 de agosto a 8 de novembro de 2026<\/p>\n<p><strong>Sess\u00f5es e hor\u00e1rios:<\/strong>\u00a0Quarta e quinta-feira, \u00e0s 20h<\/p>\n<p>Sexta-feira, \u00e0s 16h e \u00e0s 20h<\/p>\n<p>S\u00e1bado, \u00e0s 16h e \u00e0s 20h (*h\u00e1 sess\u00e3o extra \u00e0s 12h em datas espec\u00edficas)<\/p>\n<p>Domingo, \u00e0s 15h e \u00e0s 19h<\/p>\n<p><strong>Abertura do local:<\/strong>\u00a030 minutos antes do show<\/p>\n<p><strong>Capacidade:<\/strong>\u00a02.525 lugares<br \/>\n<strong>Dura\u00e7\u00e3o:\u00a0<\/strong>2h15, com 25 minutos de intervalo<\/p>\n<p><strong>Classifica\u00e7\u00e3o:<\/strong>\u00a0Livre. Menores de 14 anos de idade somente acompanhados dos pais ou respons\u00e1veis legais. Sujeito \u00e0 altera\u00e7\u00e3o por decis\u00e3o judicial.<\/p>\n<p><strong>Acesso para deficientes:\u00a0<\/strong>Acesso e assentos dispon\u00edveis.<\/p>\n<p><strong><br \/>\n<\/strong><strong>SETORES E PRE\u00c7OS DE 1\u00ba LOTE<\/strong><strong>*<\/strong><strong><br \/>\n<\/strong><strong>VIP EXPERIENCE BY EQI Investimentos:<\/strong>\u00a0R$ 1.430,00 (inteira) | R$ 960,00 (meia)**<br \/>\n<strong>VIP EXPERIENCE BY EQI EQI Investimentos (vis\u00e3o parcial)<\/strong>: R$ 1.430,00 (inteira) | R$ 960,00 (meia)**<br \/>\n<strong>PREMIUM<\/strong>: R$ 940,00 (inteira) | R$ 470,00 (meia)<br \/>\n<strong>PREMIUM (vis\u00e3o parcial):<\/strong>\u00a0R$ 940,00 (inteira) | R$ 470,00 (meia)<br \/>\n<strong>GOLD<\/strong>: R$ 790,00 (inteira) | R$ 395,00 (meia)<br \/>\n<strong>GOLD (vis\u00e3o parcial)<\/strong>: R$ 790,00 (inteira) | R$ 395,00 (meia)<br \/>\n<strong>PLATINUM<\/strong>: R$ 620,00 (inteira) | R$ 310,00 (meia)<br \/>\n<strong>PLATINUM (vis\u00e3o parcial)<\/strong>: R$ 620,00 (inteira) | R$ 310,00 (meia)<br \/>\n<strong>SILVER<\/strong>: R$ 480,00 (inteira) | R$ 240,00 (meia)<br \/>\n<strong>SILVER (vis\u00e3o parcial)<\/strong>: R$ 480,00 (inteira) | R$ 240,00 (meia)<br \/>\n<strong>Mobilidade reduzida GOLD<\/strong>: R$ 395,00 (meia)<br \/>\n<strong>Mobilidade reduzida SILVER<\/strong>: R$ 240,00 (meia)<br \/>\n<strong>Cadeirante + acompanhante:<\/strong>\u00a0R$ 240,00 (meia)<\/p>\n<p><em>\u00a0<\/em><\/p>\n<p><em>(*) 1\u00ba LOTE de ingressos com DISPONIBILIDADE LIMITADA. A virada para o pr\u00f3ximo lote ocorrer\u00e1 automaticamente ap\u00f3s o esgotamento das unidades deste lote.<\/em><\/p>\n<p><em>(**) Neste setor, \u00e9 necess\u00e1rio contratar o servi\u00e7o adicional por R$490,00, al\u00e9m do valor do ingresso (meia-entrada ou inteira), para um n\u00famero limitado de assentos de acordo com disponibilidade no ato da compra. O servi\u00e7o n\u00e3o est\u00e1 sujeito \u00e0 meia-entrada.<\/em><br \/>\n<strong><br \/>\n<\/strong><strong>Servi\u00e7o VIP EXPERIENCE BY EQI Investimentos \u2013<\/strong>\u00a0Na compra do ingresso para o Setor VIP EXPERIENCE BY EQI est\u00e1 incluso Setor Premium + um adicional de servi\u00e7os, onde o espectador ter\u00e1 uma experi\u00eancia especial e diferenciada, reservada para aproximadamente 400 pessoas. O cliente assistir\u00e1 ao espet\u00e1culo nos melhores assentos da arena. Al\u00e9m disso, ir\u00e1 usufruir de todos os benef\u00edcios citados abaixo:<\/p>\n<ul>\n<li aria-level=\"1\">Estacionamento;<\/li>\n<li aria-level=\"1\">Servi\u00e7o de coquetel com menu especialmente acompanhado de bebidas alco\u00f3licas e n\u00e3o alco\u00f3licas (servido uma hora antes do show e durante o intervalo);<\/li>\n<li aria-level=\"1\">Ambiente decorado;<\/li>\n<li aria-level=\"1\">Equipe exclusiva para atend\u00ea-lo;<\/li>\n<li aria-level=\"1\">Assentos privilegiados;<\/li>\n<li aria-level=\"1\">Credencial de acesso exclusiva;<\/li>\n<li aria-level=\"1\">Brinde exclusivo;<\/li>\n<li aria-level=\"1\">WI-FI;<\/li>\n<li aria-level=\"1\">Banheiros privativos.<\/li>\n<\/ul>\n<p><strong>BILHETERIA OFICIAL \u2013 SEM TAXA DE SERVI\u00c7O<\/strong><strong><br \/>\n<\/strong>De 16\/03 a 16\/08\u00a0 &#8211; Shopping Vila Ol\u00edmpia<br \/>\nEndere\u00e7o:\u00a0<a href=\"https:\/\/www.google.com\/maps\/search\/R.+Olimp+adas,+360+-+Vila+Ol+mpia,+S+o+Paulo+-+SP?entry=gmail&amp;source=g\">R. Olimp<\/a>\u00ed<a href=\"https:\/\/www.google.com\/maps\/search\/R.+Olimp+adas,+360+-+Vila+Ol+mpia,+S+o+Paulo+-+SP?entry=gmail&amp;source=g\">adas, 360 &#8211; Vila Ol<\/a>\u00ed<a href=\"https:\/\/www.google.com\/maps\/search\/R.+Olimp+adas,+360+-+Vila+Ol+mpia,+S+o+Paulo+-+SP?entry=gmail&amp;source=g\">mpia, S<\/a>\u00e3<a href=\"https:\/\/www.google.com\/maps\/search\/R.+Olimp+adas,+360+-+Vila+Ol+mpia,+S+o+Paulo+-+SP?entry=gmail&amp;source=g\">o Paulo &#8211; SP<\/a><br \/>\nDe segunda \u00e0 s\u00e1bado das 10h \u00e0s 22h, domingo e feriado das 14h \u00e0s 20h<\/p>\n<p>De 17\/08 a 08\/11 &#8211; Bilheteria Parque Villa-Lobos<br \/>\nEndere\u00e7o:\u00a0<a href=\"https:\/\/www.google.com\/maps\/search\/Av.+Queiroz+Filho,+1315+-+Vila+Hamburguesa+-+S+o+Paulo+-+SP?entry=gmail&amp;source=g\">Av. Queiroz Filho, 1315 &#8211; Vila Hamburguesa &#8211; S<\/a>\u00e3<a href=\"https:\/\/www.google.com\/maps\/search\/Av.+Queiroz+Filho,+1315+-+Vila+Hamburguesa+-+S+o+Paulo+-+SP?entry=gmail&amp;source=g\">o Paulo &#8211; SP<\/a><br \/>\nDiariamente, das 11h \u00e0s 19h<\/p>\n<p><strong>VENDAS ONLINE \u2013 COM TAXA DE SERVI\u00c7O<\/strong><\/p>\n<p>Atrav\u00e9s do sit<em>e\u00a0<\/em><a href=\"http:\/\/www.eventim.com.br\/cirquealegria\" target=\"_blank\" rel=\"noopener noreferrer\" data-saferedirecturl=\"https:\/\/www.google.com\/url?q=http:\/\/www.eventim.com.br\/cirquealegria&amp;source=gmail&amp;ust=1773181894096000&amp;usg=AOvVaw2Xqb8pDmMntvCg3wVGwmVv\"><em>www.eventim.com.br\/<wbr \/>cirquealegria<\/em><\/a><\/p>\n<p>&nbsp;<\/p>\n<p><strong>MEIA-ENTRADA<\/strong><\/p>\n<p>Em conformidade com a legisla\u00e7\u00e3o vigente no Estado e Munic\u00edpio espec\u00edfico onde o evento for realizado. Obrigat\u00f3ria apresenta\u00e7\u00e3o do documento comprobat\u00f3rio da condi\u00e7\u00e3o de benefici\u00e1rio, no ato da compra e no acesso ao evento.<\/p>\n<p><em>\u00a0<\/em><\/p>\n<p><strong>VENDA A GRUPOS<\/strong><\/p>\n<p>Atendimento para grupos em\u00a0<a href=\"mailto:grupos-entretenimento@immbr.com\" target=\"_blank\" rel=\"noopener noreferrer\">grupos-entretenimento@immbr.<wbr \/>com<\/a><\/p>\n<p><strong><br \/>\n<\/strong><strong>CURITIBA<\/strong><\/p>\n<p><strong>Local:<\/strong>\u00a0Expotrade<\/p>\n<p><strong>Endere\u00e7o:<\/strong>\u00a0<a href=\"https:\/\/www.google.com\/maps\/search\/Rod.+Dep.+Jo+o+Leopoldo+Jacomel,+10454+-+Vila+Amelia,+Pinhais+-+PR?entry=gmail&amp;source=g\">Rod. Dep. Jo<\/a>\u00e3<a href=\"https:\/\/www.google.com\/maps\/search\/Rod.+Dep.+Jo+o+Leopoldo+Jacomel,+10454+-+Vila+Amelia,+Pinhais+-+PR?entry=gmail&amp;source=g\">o Leopoldo Jacomel, 10454 &#8211; Vila Amelia, Pinhais &#8211; PR<\/a><\/p>\n<p><strong>Temporada:\u00a0<\/strong>de 19 de novembro a 13 de dezembro de 2026<\/p>\n<p><strong>Sess\u00f5es e hor\u00e1rios:<\/strong>\u00a0Quarta e quinta-feira, \u00e0s 21h<\/p>\n<p>Sexta-feira, \u00e0s 16h e \u00e0s 20h<\/p>\n<p>S\u00e1bado, \u00e0s 16h e \u00e0s 20h (*h\u00e1 sess\u00e3o extra \u00e0s 12h30 em datas espec\u00edficas)<\/p>\n<p>Domingo, \u00e0s 15h e \u00e0s 19h<\/p>\n<p><strong>Abertura do local:<\/strong>\u00a030 minutos antes do show<\/p>\n<p><strong>Capacidade:<\/strong>\u00a02.525 lugares<\/p>\n<p><strong>Dura\u00e7\u00e3o:\u00a0<\/strong>2h15, com 25 minutos de intervalo<\/p>\n<p><strong>Classifica\u00e7\u00e3o:<\/strong>\u00a0Livre. Menores de 14 anos de idade somente acompanhados dos pais ou respons\u00e1veis legais. Sujeito \u00e0 altera\u00e7\u00e3o por decis\u00e3o judicial.<\/p>\n<p><strong>Acesso para deficientes:\u00a0<\/strong>Acesso e assentos dispon\u00edveis.<\/p>\n<p><em>\u00a0<\/em><\/p>\n<p><strong>SETORES E PRE\u00c7OS DE 1\u00ba LOTE<\/strong><strong>\u00a0*<\/strong><strong><br \/>\n<\/strong><strong>VIP EXPERIENCE BY EQI Investimentos:<\/strong>\u00a0R$ 1.430,00 (inteira) | R$ 960,00 (meia)**<br \/>\n<strong>VIP EXPERIENCE BY EQI Investimentos (vis\u00e3o parcial)<\/strong>: R$ 1.430,00 (inteira) | R$ 960,00 (meia)**<br \/>\n<strong>PREMIUM<\/strong>: R$ 940,00 (inteira) | R$ 470,00 (meia)<br \/>\n<strong>PREMIUM (vis\u00e3o parcial):<\/strong>\u00a0R$ 940,00 (inteira) | R$ 470,00 (meia)<br \/>\n<strong>GOLD<\/strong>: R$ 790,00 (inteira) | R$ 395,00 (meia)<br \/>\n<strong>GOLD (vis\u00e3o parcial)<\/strong>: R$ 790,00 (inteira) | R$ 395,00 (meia)<br \/>\n<strong>PLATINUM<\/strong>: R$ 620,00 (inteira) | R$ 310,00 (meia)<br \/>\n<strong>PLATINUM (vis\u00e3o parcial)<\/strong>: R$ 620,00 (inteira) | R$ 310,00 (meia)<br \/>\n<strong>SILVER<\/strong>: R$ 480,00 (inteira) | R$ 240,00 (meia)<br \/>\n<strong>SILVER (vis\u00e3o parcial)<\/strong>: R$ 480,00 (inteira) | R$ 240,00 (meia)<br \/>\n<strong>Mobilidade reduzida GOLD<\/strong>: R$ 395,00 (meia)<br \/>\n<strong>Mobilidade reduzida SILVER<\/strong>: R$ 240,00 (meia)<br \/>\n<strong>Cadeirante + acompanhante:<\/strong>\u00a0R$ 240,00 (meia)<\/p>\n<p><em>\u00a0<\/em><\/p>\n<p><em>(*) 1\u00ba LOTE de ingressos com DISPONIBILIDADE LIMITADA. A virada para o pr\u00f3ximo lote ocorrer\u00e1 automaticamente ap\u00f3s o esgotamento das unidades deste lote.<\/em><\/p>\n<p><em>(**) Neste setor, \u00e9 necess\u00e1rio contratar o servi\u00e7o adicional por R$490,00, al\u00e9m do valor do ingresso (meia-entrada ou inteira), para um n\u00famero limitado de assentos de acordo com disponibilidade no ato da compra. O servi\u00e7o n\u00e3o est\u00e1 sujeito \u00e0 meia-entrada.<\/em><\/p>\n<p><strong><br \/>\n<\/strong><strong>Servi\u00e7o VIP EXPERIENCE BY EQI Investimentos \u2013<\/strong>\u00a0Na compra do ingresso para o Setor VIP EXPERIENCE BY EQI est\u00e1 incluso Setor Premium + um adicional de servi\u00e7os, onde o espectador ter\u00e1 uma experi\u00eancia especial e diferenciada, reservada para aproximadamente 400 pessoas. O cliente assistir\u00e1 ao espet\u00e1culo nos melhores assentos da arena. Al\u00e9m disso, ir\u00e1 usufruir de todos os benef\u00edcios citados abaixo:<\/p>\n<ul>\n<li aria-level=\"1\">Estacionamento;<\/li>\n<li aria-level=\"1\">Servi\u00e7o de coquetel com menu especialmente acompanhado de bebidas alco\u00f3licas e n\u00e3o alco\u00f3licas (servido uma hora antes do show e durante o intervalo);<\/li>\n<li aria-level=\"1\">Ambiente decorado;<\/li>\n<li aria-level=\"1\">Equipe exclusiva para atend\u00ea-lo;<\/li>\n<li aria-level=\"1\">Assentos privilegiados;<\/li>\n<li aria-level=\"1\">Credencial de acesso exclusiva;<\/li>\n<li aria-level=\"1\">Brinde exclusivo;<\/li>\n<li aria-level=\"1\">WI-FI;<\/li>\n<li aria-level=\"1\">Banheiros privativos.<\/li>\n<\/ul>\n<p><strong>BILHETERIA OFICIAL \u2013 SEM TAXA DE SERVI\u00c7O<\/strong><\/p>\n<p>De 16\/03 a 15\/11 &#8211; P\u00e1tio Batel<\/p>\n<p>Endere\u00e7o:\u00a0<a href=\"https:\/\/www.google.com\/maps\/search\/Av.+do+Batel,+1868+-+Batel,+Curitiba+-+PR?entry=gmail&amp;source=g\">Av. do Batel, 1868 &#8211; Batel, Curitiba &#8211; PR<\/a><\/p>\n<p>De segunda \u00e0 s\u00e1bado das 10h \u00e0s 22h, domingo e feriado das 14h \u00e0s 20h<\/p>\n<p><em>\u00a0<\/em><\/p>\n<p>De 16\/11 a 13\/12 &#8211; Bilheteria Expotrade<\/p>\n<p>Endere\u00e7o:\u00a0<a href=\"https:\/\/www.google.com\/maps\/search\/Rod.+Dep.+Jo+o+Leopoldo+Jacomel,+10454+-+Vila+Amelia,+Pinhais+-+PR?entry=gmail&amp;source=g\">Rod. Dep. Jo<\/a>\u00e3<a href=\"https:\/\/www.google.com\/maps\/search\/Rod.+Dep.+Jo+o+Leopoldo+Jacomel,+10454+-+Vila+Amelia,+Pinhais+-+PR?entry=gmail&amp;source=g\">o Leopoldo Jacomel, 10454 &#8211; Vila Amelia, Pinhais &#8211; PR<\/a><\/p>\n<p>Diariamente, das 11h \u00e0s 19h<\/p>\n<p><em>\u00a0<\/em><\/p>\n<p><strong>VENDAS ONLINE \u2013 COM TAXA DE SERVI\u00c7O<\/strong><\/p>\n<p>Atrav\u00e9s do sit<em>e\u00a0<\/em><a href=\"http:\/\/www.eventim.com.br\/cirquealegria\" target=\"_blank\" rel=\"noopener noreferrer\" data-saferedirecturl=\"https:\/\/www.google.com\/url?q=http:\/\/www.eventim.com.br\/cirquealegria&amp;source=gmail&amp;ust=1773181894097000&amp;usg=AOvVaw0Tg_XoVXFlleTHs3CV87tq\"><em>www.eventim.com.br\/<wbr \/>cirquealegria<\/em><\/a><em>\u00a0<\/em><\/p>\n<p><em>\u00a0<\/em><\/p>\n<p><strong>MEIA-ENTRADA<\/strong><\/p>\n<p>Em conformidade com a legisla\u00e7\u00e3o vigente no Estado e Munic\u00edpio espec\u00edfico onde o evento for realizado. Obrigat\u00f3ria apresenta\u00e7\u00e3o do documento comprobat\u00f3rio da condi\u00e7\u00e3o de benefici\u00e1rio, no ato da compra e no acesso ao evento.<\/p>\n<p><em>\u00a0<\/em><\/p>\n<p><strong>VENDA A GRUPOS<\/strong><\/p>\n<p>Atendimento para grupos em\u00a0<a href=\"mailto:grupos-entretenimento@immbr.com\" target=\"_blank\" rel=\"noopener noreferrer\">grupos-entretenimento@immbr.<wbr \/>com<\/a><\/p>\n","protected":false},"excerpt":{"rendered":"<p>Um cl\u00e1ssico atemporal, reimaginado para o hoje Apresentado pela EQI Investimentos, a partir de 20 de agosto, sob a Grande Tenda (Big Top), no Parque Villa-Lobos, em S\u00e3o Paulo, e 19 de novembro, no Expotrade, em Curitiba\u00a0 P\u00fablico poder\u00e1 adquirir seus ingressos em\u00a0www.eventim.com.br\/cirquealegria\u00a0e nas bilheterias oficiais \u00a0 \u00a0 \u00a0 \u00a0 \u00a0 \u00a0 \u00a0 \u00a0 \u00a0<\/p>\n","protected":false},"author":13,"featured_media":0,"comment_status":"open","ping_status":"open","sticky":true,"template":"","format":"standard","meta":{"_eb_attr":"","inline_featured_image":false,"_joinchat":[],"footnotes":""},"categories":[156,185,63,89,119,66,65,101,102,181],"tags":[],"class_list":["post-34650","post","type-post","status-publish","format-standard","hentry","category-atualidades","category-brasil","category-destaques","category-entretenimento","category-eventos","category-lancamentos","category-noticia-recente","category-turismo","category-viagens","category-vips"],"acf":[],"yoast_head":"<!-- This site is optimized with the Yoast SEO plugin v27.5 - https:\/\/yoast.com\/product\/yoast-seo-wordpress\/ -->\n<title>CIRQUE DU SOLEIL visitar\u00e1 S\u00e3o Paulo e Curitiba com Alegr\u00eda - Um Novo Dia, uma extraordin\u00e1ria releitura de sua produ\u00e7\u00e3o mais ic\u00f4nica - Experi\u00eancias que conectam marcas, pessoas e momentos<\/title>\n<meta name=\"robots\" content=\"index, follow, max-snippet:-1, max-image-preview:large, max-video-preview:-1\" \/>\n<link rel=\"canonical\" href=\"https:\/\/www.diariodebordo.net\/?p=34650\" \/>\n<meta property=\"og:locale\" content=\"pt_BR\" \/>\n<meta property=\"og:type\" content=\"article\" \/>\n<meta property=\"og:title\" content=\"CIRQUE DU SOLEIL visitar\u00e1 S\u00e3o Paulo e Curitiba com Alegr\u00eda - Um Novo Dia, uma extraordin\u00e1ria releitura de sua produ\u00e7\u00e3o mais ic\u00f4nica - Experi\u00eancias que conectam marcas, pessoas e momentos\" \/>\n<meta property=\"og:description\" content=\"Um cl\u00e1ssico atemporal, reimaginado para o hoje Apresentado pela EQI Investimentos, a partir de 20 de agosto, sob a Grande Tenda (Big Top), no Parque Villa-Lobos, em S\u00e3o Paulo, e 19 de novembro, no Expotrade, em Curitiba\u00a0 P\u00fablico poder\u00e1 adquirir seus ingressos em\u00a0www.eventim.com.br\/cirquealegria\u00a0e nas bilheterias oficiais \u00a0 \u00a0 \u00a0 \u00a0 \u00a0 \u00a0 \u00a0 \u00a0 \u00a0\" \/>\n<meta property=\"og:url\" content=\"https:\/\/www.diariodebordo.net\/?p=34650\" \/>\n<meta property=\"og:site_name\" content=\"Experi\u00eancias que conectam marcas, pessoas e momentos\" \/>\n<meta property=\"article:published_time\" content=\"2026-03-09T22:47:11+00:00\" \/>\n<meta property=\"article:modified_time\" content=\"2026-03-09T23:45:29+00:00\" \/>\n<meta property=\"og:image\" content=\"https:\/\/www.diariodebordo.net\/wp-content\/uploads\/2026\/03\/2026_ALE_AMForker_Unltd_CyrWheel_09-300x240.jpg\" \/>\n<meta name=\"author\" content=\"Thiago Soares\" \/>\n<meta name=\"twitter:card\" content=\"summary_large_image\" \/>\n<meta name=\"twitter:label1\" content=\"Escrito por\" \/>\n\t<meta name=\"twitter:data1\" content=\"Thiago Soares\" \/>\n\t<meta name=\"twitter:label2\" content=\"Est. tempo de leitura\" \/>\n\t<meta name=\"twitter:data2\" content=\"13 minutos\" \/>\n<script type=\"application\/ld+json\" class=\"yoast-schema-graph\">{\"@context\":\"https:\\\/\\\/schema.org\",\"@graph\":[{\"@type\":\"Article\",\"@id\":\"https:\\\/\\\/www.diariodebordo.net\\\/?p=34650#article\",\"isPartOf\":{\"@id\":\"https:\\\/\\\/www.diariodebordo.net\\\/?p=34650\"},\"author\":{\"name\":\"Thiago Soares\",\"@id\":\"https:\\\/\\\/diariodebordo.net\\\/#\\\/schema\\\/person\\\/2983b623551b91c75a103029fb634a78\"},\"headline\":\"CIRQUE DU SOLEIL visitar\u00e1 S\u00e3o Paulo e Curitiba com Alegr\u00eda &#8211; Um Novo Dia, uma extraordin\u00e1ria releitura de sua produ\u00e7\u00e3o mais ic\u00f4nica\",\"datePublished\":\"2026-03-09T22:47:11+00:00\",\"dateModified\":\"2026-03-09T23:45:29+00:00\",\"mainEntityOfPage\":{\"@id\":\"https:\\\/\\\/www.diariodebordo.net\\\/?p=34650\"},\"wordCount\":2294,\"commentCount\":0,\"publisher\":{\"@id\":\"https:\\\/\\\/diariodebordo.net\\\/#organization\"},\"image\":{\"@id\":\"https:\\\/\\\/www.diariodebordo.net\\\/?p=34650#primaryimage\"},\"thumbnailUrl\":\"https:\\\/\\\/ci3.googleusercontent.com\\\/meips\\\/ADKq_NZUB9L5wFYD88JH5oC6JkL4zZaelc_z4huWT4AMXaTqkA_SFY0AGWDPuZEZYWuxgZoaBmJ1B700qUXBA0tQtmTqvzvB5fTQeVXT_rXIx8KGsv42D51LHfb4OgqdkyLO2wY1kJm_jLWOG41J_j77yLGHdcu86uePvZo4M_2Pyu870sqLjchZqdFxVsmAIal0rNnEd4ECY1k=s0-d-e1-ft#https:\\\/\\\/files.pressmanager.net\\\/clientes\\\/625b13d2e0f9dc14e52ac4deac083e71\\\/imagens\\\/2026\\\/03\\\/09\\\/789fb280598c2a0e8ac1dda2d91eeecd.jpg\",\"articleSection\":[\"ATUALIDADES\",\"Brasil\",\"DESTAQUES\",\"ENTRETENIMENTO\",\"EVENTOS\",\"LAN\u00c7AMENTOS\",\"NOT\u00cdCIA RECENTE\",\"Turismo\",\"Viagens\",\"VIPs\"],\"inLanguage\":\"pt-BR\",\"potentialAction\":[{\"@type\":\"CommentAction\",\"name\":\"Comment\",\"target\":[\"https:\\\/\\\/www.diariodebordo.net\\\/?p=34650#respond\"]}]},{\"@type\":\"WebPage\",\"@id\":\"https:\\\/\\\/www.diariodebordo.net\\\/?p=34650\",\"url\":\"https:\\\/\\\/www.diariodebordo.net\\\/?p=34650\",\"name\":\"CIRQUE DU SOLEIL visitar\u00e1 S\u00e3o Paulo e Curitiba com Alegr\u00eda - Um Novo Dia, uma extraordin\u00e1ria releitura de sua produ\u00e7\u00e3o mais ic\u00f4nica - Experi\u00eancias que conectam marcas, pessoas e momentos\",\"isPartOf\":{\"@id\":\"https:\\\/\\\/diariodebordo.net\\\/#website\"},\"primaryImageOfPage\":{\"@id\":\"https:\\\/\\\/www.diariodebordo.net\\\/?p=34650#primaryimage\"},\"image\":{\"@id\":\"https:\\\/\\\/www.diariodebordo.net\\\/?p=34650#primaryimage\"},\"thumbnailUrl\":\"https:\\\/\\\/ci3.googleusercontent.com\\\/meips\\\/ADKq_NZUB9L5wFYD88JH5oC6JkL4zZaelc_z4huWT4AMXaTqkA_SFY0AGWDPuZEZYWuxgZoaBmJ1B700qUXBA0tQtmTqvzvB5fTQeVXT_rXIx8KGsv42D51LHfb4OgqdkyLO2wY1kJm_jLWOG41J_j77yLGHdcu86uePvZo4M_2Pyu870sqLjchZqdFxVsmAIal0rNnEd4ECY1k=s0-d-e1-ft#https:\\\/\\\/files.pressmanager.net\\\/clientes\\\/625b13d2e0f9dc14e52ac4deac083e71\\\/imagens\\\/2026\\\/03\\\/09\\\/789fb280598c2a0e8ac1dda2d91eeecd.jpg\",\"datePublished\":\"2026-03-09T22:47:11+00:00\",\"dateModified\":\"2026-03-09T23:45:29+00:00\",\"breadcrumb\":{\"@id\":\"https:\\\/\\\/www.diariodebordo.net\\\/?p=34650#breadcrumb\"},\"inLanguage\":\"pt-BR\",\"potentialAction\":[{\"@type\":\"ReadAction\",\"target\":[\"https:\\\/\\\/www.diariodebordo.net\\\/?p=34650\"]}]},{\"@type\":\"ImageObject\",\"inLanguage\":\"pt-BR\",\"@id\":\"https:\\\/\\\/www.diariodebordo.net\\\/?p=34650#primaryimage\",\"url\":\"https:\\\/\\\/ci3.googleusercontent.com\\\/meips\\\/ADKq_NZUB9L5wFYD88JH5oC6JkL4zZaelc_z4huWT4AMXaTqkA_SFY0AGWDPuZEZYWuxgZoaBmJ1B700qUXBA0tQtmTqvzvB5fTQeVXT_rXIx8KGsv42D51LHfb4OgqdkyLO2wY1kJm_jLWOG41J_j77yLGHdcu86uePvZo4M_2Pyu870sqLjchZqdFxVsmAIal0rNnEd4ECY1k=s0-d-e1-ft#https:\\\/\\\/files.pressmanager.net\\\/clientes\\\/625b13d2e0f9dc14e52ac4deac083e71\\\/imagens\\\/2026\\\/03\\\/09\\\/789fb280598c2a0e8ac1dda2d91eeecd.jpg\",\"contentUrl\":\"https:\\\/\\\/ci3.googleusercontent.com\\\/meips\\\/ADKq_NZUB9L5wFYD88JH5oC6JkL4zZaelc_z4huWT4AMXaTqkA_SFY0AGWDPuZEZYWuxgZoaBmJ1B700qUXBA0tQtmTqvzvB5fTQeVXT_rXIx8KGsv42D51LHfb4OgqdkyLO2wY1kJm_jLWOG41J_j77yLGHdcu86uePvZo4M_2Pyu870sqLjchZqdFxVsmAIal0rNnEd4ECY1k=s0-d-e1-ft#https:\\\/\\\/files.pressmanager.net\\\/clientes\\\/625b13d2e0f9dc14e52ac4deac083e71\\\/imagens\\\/2026\\\/03\\\/09\\\/789fb280598c2a0e8ac1dda2d91eeecd.jpg\"},{\"@type\":\"BreadcrumbList\",\"@id\":\"https:\\\/\\\/www.diariodebordo.net\\\/?p=34650#breadcrumb\",\"itemListElement\":[{\"@type\":\"ListItem\",\"position\":1,\"name\":\"In\u00edcio\",\"item\":\"https:\\\/\\\/diariodebordo.net\\\/\"},{\"@type\":\"ListItem\",\"position\":2,\"name\":\"CIRQUE DU SOLEIL visitar\u00e1 S\u00e3o Paulo e Curitiba com Alegr\u00eda &#8211; Um Novo Dia, uma extraordin\u00e1ria releitura de sua produ\u00e7\u00e3o mais ic\u00f4nica\"}]},{\"@type\":\"WebSite\",\"@id\":\"https:\\\/\\\/diariodebordo.net\\\/#website\",\"url\":\"https:\\\/\\\/diariodebordo.net\\\/\",\"name\":\"Experi\u00eancias que conectam marcas, pessoas e momentos\",\"description\":\"M\u00eddia, eventos e conte\u00fado em uma plataforma que gera presen\u00e7a, relev\u00e2ncia e movimento.\",\"publisher\":{\"@id\":\"https:\\\/\\\/diariodebordo.net\\\/#organization\"},\"potentialAction\":[{\"@type\":\"SearchAction\",\"target\":{\"@type\":\"EntryPoint\",\"urlTemplate\":\"https:\\\/\\\/diariodebordo.net\\\/?s={search_term_string}\"},\"query-input\":{\"@type\":\"PropertyValueSpecification\",\"valueRequired\":true,\"valueName\":\"search_term_string\"}}],\"inLanguage\":\"pt-BR\"},{\"@type\":\"Organization\",\"@id\":\"https:\\\/\\\/diariodebordo.net\\\/#organization\",\"name\":\"Experi\u00eancias que conectam marcas, pessoas e momentos\",\"url\":\"https:\\\/\\\/diariodebordo.net\\\/\",\"logo\":{\"@type\":\"ImageObject\",\"inLanguage\":\"pt-BR\",\"@id\":\"https:\\\/\\\/diariodebordo.net\\\/#\\\/schema\\\/logo\\\/image\\\/\",\"url\":\"https:\\\/\\\/www.diariodebordo.net\\\/wp-content\\\/uploads\\\/2026\\\/04\\\/cropped-cropped-20260419_052322_0001-2.png\",\"contentUrl\":\"https:\\\/\\\/www.diariodebordo.net\\\/wp-content\\\/uploads\\\/2026\\\/04\\\/cropped-cropped-20260419_052322_0001-2.png\",\"width\":512,\"height\":214,\"caption\":\"Experi\u00eancias que conectam marcas, pessoas e momentos \"},\"image\":{\"@id\":\"https:\\\/\\\/diariodebordo.net\\\/#\\\/schema\\\/logo\\\/image\\\/\"}},{\"@type\":\"Person\",\"@id\":\"https:\\\/\\\/diariodebordo.net\\\/#\\\/schema\\\/person\\\/2983b623551b91c75a103029fb634a78\",\"name\":\"Thiago Soares\",\"image\":{\"@type\":\"ImageObject\",\"inLanguage\":\"pt-BR\",\"@id\":\"https:\\\/\\\/diariodebordo.net\\\/wp-content\\\/uploads\\\/2022\\\/09\\\/cropped-image9-96x96.jpg\",\"url\":\"https:\\\/\\\/diariodebordo.net\\\/wp-content\\\/uploads\\\/2022\\\/09\\\/cropped-image9-96x96.jpg\",\"contentUrl\":\"https:\\\/\\\/diariodebordo.net\\\/wp-content\\\/uploads\\\/2022\\\/09\\\/cropped-image9-96x96.jpg\",\"caption\":\"Thiago Soares\"},\"url\":\"https:\\\/\\\/www.diariodebordo.net\\\/?author=13\"}]}<\/script>\n<!-- \/ Yoast SEO plugin. -->","yoast_head_json":{"title":"CIRQUE DU SOLEIL visitar\u00e1 S\u00e3o Paulo e Curitiba com Alegr\u00eda - Um Novo Dia, uma extraordin\u00e1ria releitura de sua produ\u00e7\u00e3o mais ic\u00f4nica - Experi\u00eancias que conectam marcas, pessoas e momentos","robots":{"index":"index","follow":"follow","max-snippet":"max-snippet:-1","max-image-preview":"max-image-preview:large","max-video-preview":"max-video-preview:-1"},"canonical":"https:\/\/www.diariodebordo.net\/?p=34650","og_locale":"pt_BR","og_type":"article","og_title":"CIRQUE DU SOLEIL visitar\u00e1 S\u00e3o Paulo e Curitiba com Alegr\u00eda - Um Novo Dia, uma extraordin\u00e1ria releitura de sua produ\u00e7\u00e3o mais ic\u00f4nica - Experi\u00eancias que conectam marcas, pessoas e momentos","og_description":"Um cl\u00e1ssico atemporal, reimaginado para o hoje Apresentado pela EQI Investimentos, a partir de 20 de agosto, sob a Grande Tenda (Big Top), no Parque Villa-Lobos, em S\u00e3o Paulo, e 19 de novembro, no Expotrade, em Curitiba\u00a0 P\u00fablico poder\u00e1 adquirir seus ingressos em\u00a0www.eventim.com.br\/cirquealegria\u00a0e nas bilheterias oficiais \u00a0 \u00a0 \u00a0 \u00a0 \u00a0 \u00a0 \u00a0 \u00a0 \u00a0","og_url":"https:\/\/www.diariodebordo.net\/?p=34650","og_site_name":"Experi\u00eancias que conectam marcas, pessoas e momentos","article_published_time":"2026-03-09T22:47:11+00:00","article_modified_time":"2026-03-09T23:45:29+00:00","og_image":[{"url":"https:\/\/www.diariodebordo.net\/wp-content\/uploads\/2026\/03\/2026_ALE_AMForker_Unltd_CyrWheel_09-300x240.jpg","type":"","width":"","height":""}],"author":"Thiago Soares","twitter_card":"summary_large_image","twitter_misc":{"Escrito por":"Thiago Soares","Est. tempo de leitura":"13 minutos"},"schema":{"@context":"https:\/\/schema.org","@graph":[{"@type":"Article","@id":"https:\/\/www.diariodebordo.net\/?p=34650#article","isPartOf":{"@id":"https:\/\/www.diariodebordo.net\/?p=34650"},"author":{"name":"Thiago Soares","@id":"https:\/\/diariodebordo.net\/#\/schema\/person\/2983b623551b91c75a103029fb634a78"},"headline":"CIRQUE DU SOLEIL visitar\u00e1 S\u00e3o Paulo e Curitiba com Alegr\u00eda &#8211; Um Novo Dia, uma extraordin\u00e1ria releitura de sua produ\u00e7\u00e3o mais ic\u00f4nica","datePublished":"2026-03-09T22:47:11+00:00","dateModified":"2026-03-09T23:45:29+00:00","mainEntityOfPage":{"@id":"https:\/\/www.diariodebordo.net\/?p=34650"},"wordCount":2294,"commentCount":0,"publisher":{"@id":"https:\/\/diariodebordo.net\/#organization"},"image":{"@id":"https:\/\/www.diariodebordo.net\/?p=34650#primaryimage"},"thumbnailUrl":"https:\/\/ci3.googleusercontent.com\/meips\/ADKq_NZUB9L5wFYD88JH5oC6JkL4zZaelc_z4huWT4AMXaTqkA_SFY0AGWDPuZEZYWuxgZoaBmJ1B700qUXBA0tQtmTqvzvB5fTQeVXT_rXIx8KGsv42D51LHfb4OgqdkyLO2wY1kJm_jLWOG41J_j77yLGHdcu86uePvZo4M_2Pyu870sqLjchZqdFxVsmAIal0rNnEd4ECY1k=s0-d-e1-ft#https:\/\/files.pressmanager.net\/clientes\/625b13d2e0f9dc14e52ac4deac083e71\/imagens\/2026\/03\/09\/789fb280598c2a0e8ac1dda2d91eeecd.jpg","articleSection":["ATUALIDADES","Brasil","DESTAQUES","ENTRETENIMENTO","EVENTOS","LAN\u00c7AMENTOS","NOT\u00cdCIA RECENTE","Turismo","Viagens","VIPs"],"inLanguage":"pt-BR","potentialAction":[{"@type":"CommentAction","name":"Comment","target":["https:\/\/www.diariodebordo.net\/?p=34650#respond"]}]},{"@type":"WebPage","@id":"https:\/\/www.diariodebordo.net\/?p=34650","url":"https:\/\/www.diariodebordo.net\/?p=34650","name":"CIRQUE DU SOLEIL visitar\u00e1 S\u00e3o Paulo e Curitiba com Alegr\u00eda - Um Novo Dia, uma extraordin\u00e1ria releitura de sua produ\u00e7\u00e3o mais ic\u00f4nica - Experi\u00eancias que conectam marcas, pessoas e momentos","isPartOf":{"@id":"https:\/\/diariodebordo.net\/#website"},"primaryImageOfPage":{"@id":"https:\/\/www.diariodebordo.net\/?p=34650#primaryimage"},"image":{"@id":"https:\/\/www.diariodebordo.net\/?p=34650#primaryimage"},"thumbnailUrl":"https:\/\/ci3.googleusercontent.com\/meips\/ADKq_NZUB9L5wFYD88JH5oC6JkL4zZaelc_z4huWT4AMXaTqkA_SFY0AGWDPuZEZYWuxgZoaBmJ1B700qUXBA0tQtmTqvzvB5fTQeVXT_rXIx8KGsv42D51LHfb4OgqdkyLO2wY1kJm_jLWOG41J_j77yLGHdcu86uePvZo4M_2Pyu870sqLjchZqdFxVsmAIal0rNnEd4ECY1k=s0-d-e1-ft#https:\/\/files.pressmanager.net\/clientes\/625b13d2e0f9dc14e52ac4deac083e71\/imagens\/2026\/03\/09\/789fb280598c2a0e8ac1dda2d91eeecd.jpg","datePublished":"2026-03-09T22:47:11+00:00","dateModified":"2026-03-09T23:45:29+00:00","breadcrumb":{"@id":"https:\/\/www.diariodebordo.net\/?p=34650#breadcrumb"},"inLanguage":"pt-BR","potentialAction":[{"@type":"ReadAction","target":["https:\/\/www.diariodebordo.net\/?p=34650"]}]},{"@type":"ImageObject","inLanguage":"pt-BR","@id":"https:\/\/www.diariodebordo.net\/?p=34650#primaryimage","url":"https:\/\/ci3.googleusercontent.com\/meips\/ADKq_NZUB9L5wFYD88JH5oC6JkL4zZaelc_z4huWT4AMXaTqkA_SFY0AGWDPuZEZYWuxgZoaBmJ1B700qUXBA0tQtmTqvzvB5fTQeVXT_rXIx8KGsv42D51LHfb4OgqdkyLO2wY1kJm_jLWOG41J_j77yLGHdcu86uePvZo4M_2Pyu870sqLjchZqdFxVsmAIal0rNnEd4ECY1k=s0-d-e1-ft#https:\/\/files.pressmanager.net\/clientes\/625b13d2e0f9dc14e52ac4deac083e71\/imagens\/2026\/03\/09\/789fb280598c2a0e8ac1dda2d91eeecd.jpg","contentUrl":"https:\/\/ci3.googleusercontent.com\/meips\/ADKq_NZUB9L5wFYD88JH5oC6JkL4zZaelc_z4huWT4AMXaTqkA_SFY0AGWDPuZEZYWuxgZoaBmJ1B700qUXBA0tQtmTqvzvB5fTQeVXT_rXIx8KGsv42D51LHfb4OgqdkyLO2wY1kJm_jLWOG41J_j77yLGHdcu86uePvZo4M_2Pyu870sqLjchZqdFxVsmAIal0rNnEd4ECY1k=s0-d-e1-ft#https:\/\/files.pressmanager.net\/clientes\/625b13d2e0f9dc14e52ac4deac083e71\/imagens\/2026\/03\/09\/789fb280598c2a0e8ac1dda2d91eeecd.jpg"},{"@type":"BreadcrumbList","@id":"https:\/\/www.diariodebordo.net\/?p=34650#breadcrumb","itemListElement":[{"@type":"ListItem","position":1,"name":"In\u00edcio","item":"https:\/\/diariodebordo.net\/"},{"@type":"ListItem","position":2,"name":"CIRQUE DU SOLEIL visitar\u00e1 S\u00e3o Paulo e Curitiba com Alegr\u00eda &#8211; Um Novo Dia, uma extraordin\u00e1ria releitura de sua produ\u00e7\u00e3o mais ic\u00f4nica"}]},{"@type":"WebSite","@id":"https:\/\/diariodebordo.net\/#website","url":"https:\/\/diariodebordo.net\/","name":"Experi\u00eancias que conectam marcas, pessoas e momentos","description":"M\u00eddia, eventos e conte\u00fado em uma plataforma que gera presen\u00e7a, relev\u00e2ncia e movimento.","publisher":{"@id":"https:\/\/diariodebordo.net\/#organization"},"potentialAction":[{"@type":"SearchAction","target":{"@type":"EntryPoint","urlTemplate":"https:\/\/diariodebordo.net\/?s={search_term_string}"},"query-input":{"@type":"PropertyValueSpecification","valueRequired":true,"valueName":"search_term_string"}}],"inLanguage":"pt-BR"},{"@type":"Organization","@id":"https:\/\/diariodebordo.net\/#organization","name":"Experi\u00eancias que conectam marcas, pessoas e momentos","url":"https:\/\/diariodebordo.net\/","logo":{"@type":"ImageObject","inLanguage":"pt-BR","@id":"https:\/\/diariodebordo.net\/#\/schema\/logo\/image\/","url":"https:\/\/www.diariodebordo.net\/wp-content\/uploads\/2026\/04\/cropped-cropped-20260419_052322_0001-2.png","contentUrl":"https:\/\/www.diariodebordo.net\/wp-content\/uploads\/2026\/04\/cropped-cropped-20260419_052322_0001-2.png","width":512,"height":214,"caption":"Experi\u00eancias que conectam marcas, pessoas e momentos "},"image":{"@id":"https:\/\/diariodebordo.net\/#\/schema\/logo\/image\/"}},{"@type":"Person","@id":"https:\/\/diariodebordo.net\/#\/schema\/person\/2983b623551b91c75a103029fb634a78","name":"Thiago Soares","image":{"@type":"ImageObject","inLanguage":"pt-BR","@id":"https:\/\/diariodebordo.net\/wp-content\/uploads\/2022\/09\/cropped-image9-96x96.jpg","url":"https:\/\/diariodebordo.net\/wp-content\/uploads\/2022\/09\/cropped-image9-96x96.jpg","contentUrl":"https:\/\/diariodebordo.net\/wp-content\/uploads\/2022\/09\/cropped-image9-96x96.jpg","caption":"Thiago Soares"},"url":"https:\/\/www.diariodebordo.net\/?author=13"}]}},"_links":{"self":[{"href":"https:\/\/www.diariodebordo.net\/index.php?rest_route=\/wp\/v2\/posts\/34650","targetHints":{"allow":["GET"]}}],"collection":[{"href":"https:\/\/www.diariodebordo.net\/index.php?rest_route=\/wp\/v2\/posts"}],"about":[{"href":"https:\/\/www.diariodebordo.net\/index.php?rest_route=\/wp\/v2\/types\/post"}],"author":[{"embeddable":true,"href":"https:\/\/www.diariodebordo.net\/index.php?rest_route=\/wp\/v2\/users\/13"}],"replies":[{"embeddable":true,"href":"https:\/\/www.diariodebordo.net\/index.php?rest_route=%2Fwp%2Fv2%2Fcomments&post=34650"}],"version-history":[{"count":4,"href":"https:\/\/www.diariodebordo.net\/index.php?rest_route=\/wp\/v2\/posts\/34650\/revisions"}],"predecessor-version":[{"id":34664,"href":"https:\/\/www.diariodebordo.net\/index.php?rest_route=\/wp\/v2\/posts\/34650\/revisions\/34664"}],"wp:attachment":[{"href":"https:\/\/www.diariodebordo.net\/index.php?rest_route=%2Fwp%2Fv2%2Fmedia&parent=34650"}],"wp:term":[{"taxonomy":"category","embeddable":true,"href":"https:\/\/www.diariodebordo.net\/index.php?rest_route=%2Fwp%2Fv2%2Fcategories&post=34650"},{"taxonomy":"post_tag","embeddable":true,"href":"https:\/\/www.diariodebordo.net\/index.php?rest_route=%2Fwp%2Fv2%2Ftags&post=34650"}],"curies":[{"name":"wp","href":"https:\/\/api.w.org\/{rel}","templated":true}]}}