{"id":34604,"date":"2026-03-07T21:42:44","date_gmt":"2026-03-08T00:42:44","guid":{"rendered":"https:\/\/www.diariodebordo.net\/?p=34604"},"modified":"2026-03-07T21:42:44","modified_gmt":"2026-03-08T00:42:44","slug":"como-retomar-o-protagonismo-da-propria-trajetoria-5-dicas-de-brasileiras-que-voltaram-a-estudar-apos-anos-para-enc","status":"publish","type":"post","link":"https:\/\/www.diariodebordo.net\/?p=34604","title":{"rendered":"Como retomar o protagonismo da pr\u00f3pria trajet\u00f3ria: 5 dicas de brasileiras que voltaram a estudar ap\u00f3s anos  Para enc"},"content":{"rendered":"<div>\n<p><i>Para encorajar outras mulheres neste Dia da Mulher, alunas que venceram o medo e a rotina compartilham o que aprenderam na pr\u00e1tica sobre o retorno \u00e0 faculdade<\/i><\/p>\n<div>\n<p>As mulheres representam 59,1% das matr\u00edculas no ensino superior brasileiro, segundo o Censo da Educa\u00e7\u00e3o Superior mais recente do Instituto Nacional de Estudos e Pesquisas Educacionais An\u00edsio Teixeira (Inep). O avan\u00e7o da presen\u00e7a feminina nas universidades coincide com um novo movimento educacional no pa\u00eds: profissionais adultas voltando a estudar para ampliar renda ou mudar de carreira.<\/p>\n<p>\u00c0s v\u00e9speras do Dia Internacional da Mulher, celebrado em 8 de mar\u00e7o, cresce a procura por gradua\u00e7\u00f5es aceleradas e cursos de requalifica\u00e7\u00e3o que permitam concluir a forma\u00e7\u00e3o em menos tempo e retornar ao mercado com novas oportunidades.<\/p>\n<p><a href=\"https:\/\/tiagozanolla.com.br\/\" target=\"_blank\" rel=\"noopener noreferrer\" data-saferedirecturl=\"https:\/\/www.google.com\/url?q=https:\/\/tiagozanolla.com.br\/&amp;source=gmail&amp;ust=1772925950392000&amp;usg=AOvVaw0o6TZDLycfWRRRGHpwAkId\">Tiago Zanolla<\/a>, professor de concursos p\u00fablicos e fundador da\u00a0<a href=\"https:\/\/ufem.com.br\/\" target=\"_blank\" rel=\"noopener noreferrer\" data-saferedirecturl=\"https:\/\/www.google.com\/url?q=https:\/\/ufem.com.br\/&amp;source=gmail&amp;ust=1772925950392000&amp;usg=AOvVaw2zQL3sBXhBi8LnBW_L9VbV\">UFEM Educacional<\/a>, ecossistema educacional voltado \u00e0 gradua\u00e7\u00e3o acelerada e requalifica\u00e7\u00e3o profissional, afirma que o p\u00fablico feminino lidera a retomada dos estudos. Segundo ele, muitas alunas interromperam a gradua\u00e7\u00e3o por maternidade ou mudan\u00e7a de carreira e agora buscam forma\u00e7\u00e3o flex\u00edvel para avan\u00e7ar profissionalmente. \u201cGrande parte dessas mulheres j\u00e1 tem experi\u00eancia, mas precisa do diploma para acessar novas posi\u00e7\u00f5es ou aumentar a renda\u201d, afirma.<\/p>\n<p>Dados do Censo Demogr\u00e1fico 2022 do IBGE indicam que 20,7% das mulheres adultas possuem ensino superior completo no Brasil, propor\u00e7\u00e3o maior que a dos homens, que chega a 15,8%. O crescimento educacional feminino, no entanto, convive com desafios pr\u00e1ticos, principalmente para quem precisa conciliar trabalho, filhos e estudos.<\/p>\n<p>Tiago explica que cursos digitais e modelos acad\u00eamicos mais curtos ganharam espa\u00e7o entre profissionais acima dos 30 anos. A possibilidade de estudar em hor\u00e1rios flex\u00edveis e avan\u00e7ar em ritmo pr\u00f3prio tem reduzido a evas\u00e3o e ampliado a perman\u00eancia em cursos de forma\u00e7\u00e3o. \u201cQuando o estudo se adapta \u00e0 rotina da pessoa, a chance de abandono diminui. O aluno adulto precisa de um percurso claro e de resultados mais r\u00e1pidos para continuar motivado\u201d, afirma.<\/p>\n<p>Hist\u00f3rias de alunas ilustram esse movimento. Mara Silva, de 38 anos, interrompeu os estudos ainda no ensino m\u00e9dio ap\u00f3s engravidar da primeira filha. Anos depois, concluiu a forma\u00e7\u00e3o b\u00e1sica pelo EJA, iniciou uma gradua\u00e7\u00e3o em radiologia, mas precisou trancar o curso durante a pandemia por dificuldades financeiras. Em 2024, ap\u00f3s iniciar um novo trabalho, encontrou na modalidade digital uma alternativa para retomar a forma\u00e7\u00e3o.<\/p>\n<p>Hoje cursando marketing digital, ela afirma que a flexibilidade foi determinante para voltar a estudar. \u201cA plataforma \u00e9 muito intuitiva e posso definir o hor\u00e1rio em que vou estudar. Fa\u00e7o tudo no meu tempo e no conforto da minha casa\u201d, relata. Para ela, a forma\u00e7\u00e3o tamb\u00e9m amplia as perspectivas profissionais. \u201cO marketing digital est\u00e1 crescendo muito e o curso me ajuda tanto na carreira quanto na prepara\u00e7\u00e3o para concursos p\u00fablicos.\u201d<\/p>\n<p>A maternidade tamb\u00e9m foi o principal fator que afastou Ivanir Aparecida Machado, de 54 anos, dos estudos por mais de duas d\u00e9cadas. Moradora de Cascavel (PR), ela voltou a estudar recentemente enquanto trabalha. \u201cFiquei mais de 20 anos sem estudar, ent\u00e3o encontro dificuldades, mas estudar \u00e9 a coisa mais importante na vida de qualquer pessoa\u201d, afirma.<\/p>\n<p>Para Julia Russo, de 36 anos, moradora de S\u00e3o Jos\u00e9 dos Campos (SP), o principal obst\u00e1culo foi o deslocamento e a dificuldade de conciliar trabalho com aulas presenciais. A mudan\u00e7a para o ensino a dist\u00e2ncia permitiu retomar o projeto de concluir o ensino superior.<\/p>\n<p>\u201cA plataforma mudou o jogo para mim. Consigo estudar no hor\u00e1rio que faz sentido dentro da minha rotina e conciliar com as demandas da casa\u201d, diz. Para ela, a forma\u00e7\u00e3o acad\u00eamica tamb\u00e9m tem impacto simb\u00f3lico. \u201cO diploma traz autonomia e credibilidade. A internet tem muito conte\u00fado, mas o diploma certifica que temos conhecimento.\u201d<\/p>\n<p>De acordo com Zanolla, o retorno dessas profissionais \u00e0 educa\u00e7\u00e3o formal tamb\u00e9m gera efeitos positivos para as empresas. \u201cProfissionais que retomam os estudos ampliam compet\u00eancias e aumentam a capacidade de atua\u00e7\u00e3o dentro das organiza\u00e7\u00f5es. A empresa que incentiva a forma\u00e7\u00e3o est\u00e1 investindo na pr\u00f3pria competitividade\u201d, afirma.<\/p>\n<p><strong>Com base em suas pr\u00f3prias experi\u00eancias de supera\u00e7\u00e3o e rotina, as alunas que hoje trilham o caminho da forma\u00e7\u00e3o superior compartilham as 5 principais estrat\u00e9gias para quem deseja seguir o mesmo caminho:<\/strong><\/p>\n<ol>\n<li><strong>Identifique o seu &#8220;porqu\u00ea&#8221; pessoal:<\/strong>\u00a0A principal li\u00e7\u00e3o de quem volta a estudar \u00e9 ter clareza do prop\u00f3sito. Seja para provar a si mesma que \u00e9 capaz ou para mudar de \u00e1rea, as alunas refor\u00e7am que esse objetivo \u00e9 o que d\u00e1 for\u00e7as para seguir em frente nos dias mais cansativos.<\/li>\n<li><strong>Escolha um modelo que respeite a sua hist\u00f3ria:<\/strong>\u00a0Para quem tem jornada dupla, o ensino r\u00edgido pode ser uma barreira. A dica das alunas \u00e9 buscar institui\u00e7\u00f5es que ofere\u00e7am flexibilidade real, permitindo que o estudo se encaixe na rotina da casa e do trabalho, e n\u00e3o o contr\u00e1rio.<\/li>\n<li><strong>Resgate a confian\u00e7a aos poucos:<\/strong>\u00a0Muitas brasileiras sentem medo de n\u00e3o acompanhar o ritmo ap\u00f3s anos paradas. A estrat\u00e9gia compartilhada pelas alunas \u00e9 come\u00e7ar com metas curtas e entender que o aprendizado \u00e9 um processo gradual, respeitando o pr\u00f3prio tempo de adapta\u00e7\u00e3o.<\/li>\n<li><strong>Construa uma rede de apoio (em casa e no curso):<\/strong>\u00a0Retomar os estudos exige reorganizar a rotina familiar. A dica \u00e9 conversar com as pessoas ao redor sobre a import\u00e2ncia desse projeto e, dentro do curso, interagir com outras mulheres que vivem desafios parecidos para trocar experi\u00eancias.<\/li>\n<li><strong>Valorize cada pequena etapa vencida:<\/strong>\u00a0Concluir um semestre ou uma disciplina \u00e9 uma vit\u00f3ria. As alunas sugerem celebrar o progresso, lembrando que o diploma \u00e9 a certifica\u00e7\u00e3o de um conhecimento que traz autonomia e autoconfian\u00e7a para todos os aspectos da vida.<\/li>\n<\/ol>\n<p>Para o professor, o crescimento da procura por forma\u00e7\u00e3o acelerada revela uma mudan\u00e7a na forma como a educa\u00e7\u00e3o \u00e9 percebida no pa\u00eds. \u201cO diploma deixou de ser apenas um t\u00edtulo acad\u00eamico e passou a ser uma ferramenta concreta de transforma\u00e7\u00e3o profissional. Muitas mulheres voltam a estudar com um objetivo muito claro de reposicionar a pr\u00f3pria carreira\u201d, afirma.<\/p>\n<p>A proximidade do Dia Internacional da Mulher tamb\u00e9m refor\u00e7a o debate sobre autonomia financeira e desenvolvimento profissional. O avan\u00e7o de modelos educacionais mais flex\u00edveis indica que, para muitas brasileiras, voltar a estudar deixou de ser um projeto distante e passou a ser uma estrat\u00e9gia real de mobilidade social e crescimento no mercado de trabalho, j\u00e1 que \u00e9 poss\u00edvel conquistar o diploma em apenas 12 meses de estudo, conciliando assim casa, filhos e trabalho.<\/p>\n<p>&nbsp;<\/p>\n<p><strong>Sobre Tiago Zanolla<\/strong><\/p>\n<p>Tiago Zanolla \u00e9 professor especializado em concursos p\u00fablicos, com mais de 15 anos de experi\u00eancia, mais de 2.000 aulas produzidas e mais de 2 milh\u00f5es de alunos impactados ao longo da carreira. \u00c9 refer\u00eancia nacional no ensino jur\u00eddico e administrativo para concursos de Tribunais, Minist\u00e9rio P\u00fablico, carreiras policiais e \u00f3rg\u00e3os federais, al\u00e9m de professor e coordenador de conte\u00fado na Estrat\u00e9gia Concursos.<\/p>\n<p>Engenheiro de produ\u00e7\u00e3o por forma\u00e7\u00e3o, criou o sistema SER, Sele\u00e7\u00e3o do Conte\u00fado Essencialmente Relevante, metodologia baseada em dados aplicada \u00e0 prepara\u00e7\u00e3o para concursos. \u00c9 autor do livro \u00c9tica no Servi\u00e7o P\u00fablico uma vis\u00e3o moderna, palestrante em inova\u00e7\u00e3o educacional e fundador da UFEM Educacional, edtech que conecta mais de 210 mil alunos a institui\u00e7\u00f5es reconhecidas pelo MEC.<\/p>\n<p>Para mais informa\u00e7\u00f5es, acesse o<a href=\"https:\/\/tiagozanolla.com.br\/\" target=\"_blank\" rel=\"noopener noreferrer\" data-saferedirecturl=\"https:\/\/www.google.com\/url?q=https:\/\/tiagozanolla.com.br\/&amp;source=gmail&amp;ust=1772925950392000&amp;usg=AOvVaw0o6TZDLycfWRRRGHpwAkId\">\u00a0site<\/a>,<a href=\"https:\/\/www.instagram.com\/proftiagozanolla\" target=\"_blank\" rel=\"noopener noreferrer\" data-saferedirecturl=\"https:\/\/www.google.com\/url?q=https:\/\/www.instagram.com\/proftiagozanolla&amp;source=gmail&amp;ust=1772925950392000&amp;usg=AOvVaw3QBobyeYsaJjWlmNxS4Ch_\">\u00a0instagram<\/a>\u00a0ou pelo<a href=\"https:\/\/www.youtube.com\/@ProfTiagoZanolla\" target=\"_blank\" rel=\"noopener noreferrer\" data-saferedirecturl=\"https:\/\/www.google.com\/url?q=https:\/\/www.youtube.com\/@ProfTiagoZanolla&amp;source=gmail&amp;ust=1772925950392000&amp;usg=AOvVaw1vQLTJQtz02uCkbHKe101f\">\u00a0canal do youtube<\/a>.<\/p>\n<p><strong>Sobre a UFEM Educacional<\/strong><\/p>\n<p>A UFEM Educacional \u00e9 um hub de educa\u00e7\u00e3o 100% digital que conecta estudantes a institui\u00e7\u00f5es de ensino reconhecidas pelo Minist\u00e9rio da Educa\u00e7\u00e3o. Atua como marketplace educacional, oferecendo gradua\u00e7\u00e3o acelerada, p\u00f3s-gradua\u00e7\u00e3o, cursos t\u00e9cnicos, cursos livres, EJA, mestrado e doutorado na modalidade EAD.<\/p>\n<p>Com mais de 210 mil alunos na rede de ensino, a UFEM organiza o acesso \u00e0 forma\u00e7\u00e3o superior por meio de tecnologia, intelig\u00eancia de dados e parcerias estrat\u00e9gicas com faculdades credenciadas, respons\u00e1veis pela emiss\u00e3o de diplomas e certificados registrados e verific\u00e1veis. O modelo reduz burocracia, encurta o tempo at\u00e9 o diploma e amplia o acesso ao ensino superior com conformidade regulat\u00f3ria e foco nas d<\/p>\n<div id='gallery-1' class='gallery galleryid-34604 gallery-columns-3 gallery-size-thumbnail'><figure class='gallery-item'>\n\t\t\t<div class='gallery-icon portrait'>\n\t\t\t\t<a href='https:\/\/www.diariodebordo.net\/?attachment_id=34608'><img loading=\"lazy\" decoding=\"async\" width=\"150\" height=\"150\" src=\"https:\/\/www.diariodebordo.net\/wp-content\/uploads\/2026\/03\/Copia-de-DSC04034-150x150.jpg\" class=\"attachment-thumbnail size-thumbnail\" alt=\"\" \/><\/a>\n\t\t\t<\/div><\/figure><figure class='gallery-item'>\n\t\t\t<div class='gallery-icon portrait'>\n\t\t\t\t<a href='https:\/\/www.diariodebordo.net\/?attachment_id=34607'><img loading=\"lazy\" decoding=\"async\" width=\"150\" height=\"150\" src=\"https:\/\/www.diariodebordo.net\/wp-content\/uploads\/2026\/03\/IVANIR-APARECIDA-150x150.jpg\" class=\"attachment-thumbnail size-thumbnail\" alt=\"\" aria-describedby=\"gallery-1-34607\" \/><\/a>\n\t\t\t<\/div>\n\t\t\t\t<figcaption class='wp-caption-text gallery-caption' id='gallery-1-34607'>\n\t\t\t\tIvanir Aparecida\n\t\t\t\t<\/figcaption><\/figure><figure class='gallery-item'>\n\t\t\t<div class='gallery-icon portrait'>\n\t\t\t\t<a href='https:\/\/www.diariodebordo.net\/?attachment_id=34606'><img loading=\"lazy\" decoding=\"async\" width=\"150\" height=\"150\" src=\"https:\/\/www.diariodebordo.net\/wp-content\/uploads\/2026\/03\/Julia-russo-150x150.jpg\" class=\"attachment-thumbnail size-thumbnail\" alt=\"\" aria-describedby=\"gallery-1-34606\" \/><\/a>\n\t\t\t<\/div>\n\t\t\t\t<figcaption class='wp-caption-text gallery-caption' id='gallery-1-34606'>\n\t\t\t\tJulia Russo\n\t\t\t\t<\/figcaption><\/figure><figure class='gallery-item'>\n\t\t\t<div class='gallery-icon portrait'>\n\t\t\t\t<a href='https:\/\/www.diariodebordo.net\/?attachment_id=34605'><img loading=\"lazy\" decoding=\"async\" width=\"150\" height=\"150\" src=\"https:\/\/www.diariodebordo.net\/wp-content\/uploads\/2026\/03\/Mara-Silva-150x150.jpg\" class=\"attachment-thumbnail size-thumbnail\" alt=\"\" aria-describedby=\"gallery-1-34605\" \/><\/a>\n\t\t\t<\/div>\n\t\t\t\t<figcaption class='wp-caption-text gallery-caption' id='gallery-1-34605'>\n\t\t\t\tMara Silva\n\t\t\t\t<\/figcaption><\/figure>\n\t\t<\/div>\n\n<p>emandas do mercado de trabalho.<\/p>\n<p>2<\/p>\n<p>Para saber mais, acesse o<a href=\"https:\/\/ufem.com.br\/\" target=\"_blank\" rel=\"noopener noreferrer\" data-saferedirecturl=\"https:\/\/www.google.com\/url?q=https:\/\/ufem.com.br\/&amp;source=gmail&amp;ust=1772925950392000&amp;usg=AOvVaw2zQL3sBXhBi8LnBW_L9VbV\">\u00a0site<\/a>\u00a0ou pelo<a href=\"https:\/\/www.instagram.com\/ufem.educacional\/\" target=\"_blank\" rel=\"noopener noreferrer\" data-saferedirecturl=\"https:\/\/www.google.com\/url?q=https:\/\/www.instagram.com\/ufem.educacional\/&amp;source=gmail&amp;ust=1772925950392000&amp;usg=AOvVaw39cW_f1faRo8GD-namXjcG\">\u00a0instagram<\/a>.<\/p>\n<p><strong>Fontes de pesquisa<\/strong><\/p>\n<p><strong>Instituto Nacional de Estudos e Pesquisas Educacionais An\u00edsio Teixeira (Inep) \u2013 Censo da Educa\u00e7\u00e3o Superior<\/strong><strong><br \/>\n<\/strong><a href=\"https:\/\/www.gov.br\/inep\/pt-br\/areas-de-atuacao\/pesquisas-estatisticas-e-indicadores\/censo-da-educacao-superior\" target=\"_blank\" rel=\"noopener noreferrer\" data-saferedirecturl=\"https:\/\/www.google.com\/url?q=https:\/\/www.gov.br\/inep\/pt-br\/areas-de-atuacao\/pesquisas-estatisticas-e-indicadores\/censo-da-educacao-superior&amp;source=gmail&amp;ust=1772925950392000&amp;usg=AOvVaw25gpe4DoUe6flra--D6Xkm\">https:\/\/www.gov.br\/inep\/pt-br\/<wbr \/>areas-de-atuacao\/pesquisas-<wbr \/>estatisticas-e-indicadores\/<wbr \/>censo-da-educacao-superior<br \/>\n<\/a><a href=\"https:\/\/www.gov.br\/inep\/pt-br\/centrais-de-conteudo\/noticias\/institucional\/mulheres-representam-59-das-matriculas-na-educacao-superior\" target=\"_blank\" rel=\"noopener noreferrer\" data-saferedirecturl=\"https:\/\/www.google.com\/url?q=https:\/\/www.gov.br\/inep\/pt-br\/centrais-de-conteudo\/noticias\/institucional\/mulheres-representam-59-das-matriculas-na-educacao-superior&amp;source=gmail&amp;ust=1772925950392000&amp;usg=AOvVaw1oa3T-AIg2GIQJBxbDoYKC\">https:\/\/www.gov.br\/inep\/pt-br\/<wbr \/>centrais-de-conteudo\/noticias\/<wbr \/>institucional\/mulheres-<wbr \/>representam-59-das-matriculas-<wbr \/>na-educacao-superior<\/a><\/p>\n<p><strong>Instituto Brasileiro de Geografia e Estat\u00edstica (IBGE) \u2013 Censo Demogr\u00e1fico 2022<\/strong><strong><br \/>\n<\/strong><a href=\"https:\/\/agenciadenoticias.ibge.gov.br\/agencia-noticias\/2012-agencia-de-noticias\/noticias\/42748-censo-2022-proporcao-de-pessoas-com-ensino-superior-completo-cresce-no-brasil\" target=\"_blank\" rel=\"noopener noreferrer\" data-saferedirecturl=\"https:\/\/www.google.com\/url?q=https:\/\/agenciadenoticias.ibge.gov.br\/agencia-noticias\/2012-agencia-de-noticias\/noticias\/42748-censo-2022-proporcao-de-pessoas-com-ensino-superior-completo-cresce-no-brasil&amp;source=gmail&amp;ust=1772925950392000&amp;usg=AOvVaw1ndoiNmNiJdf03hS8d8HtM\">https:\/\/agenciadenoticias.<wbr \/>ibge.gov.br\/agencia-noticias\/<wbr \/>2012-agencia-de-noticias\/<wbr \/>noticias\/42748-censo-2022-<wbr \/>proporcao-de-pessoas-com-<wbr \/>ensino-superior-completo-<wbr \/>cresce-no-brasil<\/a><a href=\"https:\/\/www.ibge.gov.br\/estatisticas\/sociais\/educacao\/22827-censo-demografico-2022.html\" target=\"_blank\" rel=\"noopener noreferrer\" data-saferedirecturl=\"https:\/\/www.google.com\/url?q=https:\/\/www.ibge.gov.br\/estatisticas\/sociais\/educacao\/22827-censo-demografico-2022.html&amp;source=gmail&amp;ust=1772925950392000&amp;usg=AOvVaw3bpIyHxDvMd-i8aCMrViDY\">https:\/\/www.<wbr \/>ibge.gov.br\/estatisticas\/<wbr \/>sociais\/educacao\/22827-censo-<wbr \/>demografico-2022.html<\/a><\/p>\n<p><strong>Organiza\u00e7\u00e3o para a Coopera\u00e7\u00e3o e Desenvolvimento Econ\u00f4mico (OCDE) \u2013 Education at a Glance<\/strong><strong><br \/>\n<\/strong><a href=\"https:\/\/www.oecd.org\/education\/education-at-a-glance\/\" target=\"_blank\" rel=\"noopener noreferrer\" data-saferedirecturl=\"https:\/\/www.google.com\/url?q=https:\/\/www.oecd.org\/education\/education-at-a-glance\/&amp;source=gmail&amp;ust=1772925950392000&amp;usg=AOvVaw3raWfhE7nL7-uhZWrNiBak\">https:\/\/www.oecd.org\/<wbr \/>education\/education-at-a-<wbr \/>glance\/<br \/>\n<\/a><a href=\"https:\/\/gpseducation.oecd.org\/CountryProfile?primaryCountry=BRA&amp;topic=EO\" target=\"_blank\" rel=\"noopener noreferrer\" data-saferedirecturl=\"https:\/\/www.google.com\/url?q=https:\/\/gpseducation.oecd.org\/CountryProfile?primaryCountry%3DBRA%26topic%3DEO&amp;source=gmail&amp;ust=1772925950392000&amp;usg=AOvVaw3nd_BQwPrd9pdZ9F3XfLBR\">https:\/\/gpseducation.oecd.org\/<wbr \/>CountryProfile?primaryCountry=<wbr \/>BRA&amp;topic=EO<\/a><\/p>\n<p>&nbsp;<\/p>\n<\/div>\n<\/div>\n<p>&nbsp;<\/p>\n","protected":false},"excerpt":{"rendered":"<p>Para encorajar outras mulheres neste Dia da Mulher, alunas que venceram o medo e a rotina compartilham o que aprenderam na pr\u00e1tica sobre o retorno \u00e0 faculdade As mulheres representam 59,1% das matr\u00edculas no ensino superior brasileiro, segundo o Censo da Educa\u00e7\u00e3o Superior mais recente do Instituto Nacional de Estudos e Pesquisas Educacionais An\u00edsio Teixeira<\/p>\n","protected":false},"author":13,"featured_media":34608,"comment_status":"open","ping_status":"open","sticky":true,"template":"","format":"standard","meta":{"_eb_attr":"","inline_featured_image":false,"_joinchat":[],"footnotes":""},"categories":[1],"tags":[],"class_list":["post-34604","post","type-post","status-publish","format-standard","has-post-thumbnail","hentry","category-dia-a-dia"],"acf":[],"yoast_head":"<!-- This site is optimized with the Yoast SEO plugin v27.5 - https:\/\/yoast.com\/product\/yoast-seo-wordpress\/ -->\n<title>Como retomar o protagonismo da pr\u00f3pria trajet\u00f3ria: 5 dicas de brasileiras que voltaram a estudar ap\u00f3s anos Para enc - Experi\u00eancias que conectam marcas, pessoas e momentos<\/title>\n<meta name=\"robots\" content=\"index, follow, max-snippet:-1, max-image-preview:large, max-video-preview:-1\" \/>\n<link rel=\"canonical\" href=\"http:\/\/diariodebordo.net\/?p=34604\" \/>\n<meta property=\"og:locale\" content=\"pt_BR\" \/>\n<meta property=\"og:type\" content=\"article\" \/>\n<meta property=\"og:title\" content=\"Como retomar o protagonismo da pr\u00f3pria trajet\u00f3ria: 5 dicas de brasileiras que voltaram a estudar ap\u00f3s anos Para enc - Experi\u00eancias que conectam marcas, pessoas e momentos\" \/>\n<meta property=\"og:description\" content=\"Para encorajar outras mulheres neste Dia da Mulher, alunas que venceram o medo e a rotina compartilham o que aprenderam na pr\u00e1tica sobre o retorno \u00e0 faculdade As mulheres representam 59,1% das matr\u00edculas no ensino superior brasileiro, segundo o Censo da Educa\u00e7\u00e3o Superior mais recente do Instituto Nacional de Estudos e Pesquisas Educacionais An\u00edsio Teixeira\" \/>\n<meta property=\"og:url\" content=\"http:\/\/diariodebordo.net\/?p=34604\" \/>\n<meta property=\"og:site_name\" content=\"Experi\u00eancias que conectam marcas, pessoas e momentos\" \/>\n<meta property=\"article:published_time\" content=\"2026-03-08T00:42:44+00:00\" \/>\n<meta property=\"og:image\" content=\"http:\/\/diariodebordo.net\/wp-content\/uploads\/2026\/03\/Copia-de-DSC04034.jpg\" \/>\n\t<meta property=\"og:image:width\" content=\"1365\" \/>\n\t<meta property=\"og:image:height\" content=\"2048\" \/>\n\t<meta property=\"og:image:type\" content=\"image\/jpeg\" \/>\n<meta name=\"author\" content=\"Thiago Soares\" \/>\n<meta name=\"twitter:card\" content=\"summary_large_image\" \/>\n<meta name=\"twitter:label1\" content=\"Escrito por\" \/>\n\t<meta name=\"twitter:data1\" content=\"Thiago Soares\" \/>\n\t<meta name=\"twitter:label2\" content=\"Est. tempo de leitura\" \/>\n\t<meta name=\"twitter:data2\" content=\"8 minutos\" \/>\n<script type=\"application\/ld+json\" class=\"yoast-schema-graph\">{\"@context\":\"https:\\\/\\\/schema.org\",\"@graph\":[{\"@type\":\"Article\",\"@id\":\"http:\\\/\\\/diariodebordo.net\\\/?p=34604#article\",\"isPartOf\":{\"@id\":\"http:\\\/\\\/diariodebordo.net\\\/?p=34604\"},\"author\":{\"name\":\"Thiago Soares\",\"@id\":\"http:\\\/\\\/diariodebordo.net\\\/#\\\/schema\\\/person\\\/2983b623551b91c75a103029fb634a78\"},\"headline\":\"Como retomar o protagonismo da pr\u00f3pria trajet\u00f3ria: 5 dicas de brasileiras que voltaram a estudar ap\u00f3s anos Para enc\",\"datePublished\":\"2026-03-08T00:42:44+00:00\",\"mainEntityOfPage\":{\"@id\":\"http:\\\/\\\/diariodebordo.net\\\/?p=34604\"},\"wordCount\":1525,\"commentCount\":0,\"publisher\":{\"@id\":\"http:\\\/\\\/diariodebordo.net\\\/#organization\"},\"image\":{\"@id\":\"http:\\\/\\\/diariodebordo.net\\\/?p=34604#primaryimage\"},\"thumbnailUrl\":\"https:\\\/\\\/www.diariodebordo.net\\\/wp-content\\\/uploads\\\/2026\\\/03\\\/Copia-de-DSC04034.jpg\",\"articleSection\":[\"Dia-a-Dia\"],\"inLanguage\":\"pt-BR\",\"potentialAction\":[{\"@type\":\"CommentAction\",\"name\":\"Comment\",\"target\":[\"http:\\\/\\\/diariodebordo.net\\\/?p=34604#respond\"]}]},{\"@type\":\"WebPage\",\"@id\":\"http:\\\/\\\/diariodebordo.net\\\/?p=34604\",\"url\":\"http:\\\/\\\/diariodebordo.net\\\/?p=34604\",\"name\":\"Como retomar o protagonismo da pr\u00f3pria trajet\u00f3ria: 5 dicas de brasileiras que voltaram a estudar ap\u00f3s anos Para enc - Experi\u00eancias que conectam marcas, pessoas e momentos\",\"isPartOf\":{\"@id\":\"http:\\\/\\\/diariodebordo.net\\\/#website\"},\"primaryImageOfPage\":{\"@id\":\"http:\\\/\\\/diariodebordo.net\\\/?p=34604#primaryimage\"},\"image\":{\"@id\":\"http:\\\/\\\/diariodebordo.net\\\/?p=34604#primaryimage\"},\"thumbnailUrl\":\"https:\\\/\\\/www.diariodebordo.net\\\/wp-content\\\/uploads\\\/2026\\\/03\\\/Copia-de-DSC04034.jpg\",\"datePublished\":\"2026-03-08T00:42:44+00:00\",\"breadcrumb\":{\"@id\":\"http:\\\/\\\/diariodebordo.net\\\/?p=34604#breadcrumb\"},\"inLanguage\":\"pt-BR\",\"potentialAction\":[{\"@type\":\"ReadAction\",\"target\":[\"http:\\\/\\\/diariodebordo.net\\\/?p=34604\"]}]},{\"@type\":\"ImageObject\",\"inLanguage\":\"pt-BR\",\"@id\":\"http:\\\/\\\/diariodebordo.net\\\/?p=34604#primaryimage\",\"url\":\"https:\\\/\\\/www.diariodebordo.net\\\/wp-content\\\/uploads\\\/2026\\\/03\\\/Copia-de-DSC04034.jpg\",\"contentUrl\":\"https:\\\/\\\/www.diariodebordo.net\\\/wp-content\\\/uploads\\\/2026\\\/03\\\/Copia-de-DSC04034.jpg\",\"width\":1365,\"height\":2048},{\"@type\":\"BreadcrumbList\",\"@id\":\"http:\\\/\\\/diariodebordo.net\\\/?p=34604#breadcrumb\",\"itemListElement\":[{\"@type\":\"ListItem\",\"position\":1,\"name\":\"In\u00edcio\",\"item\":\"http:\\\/\\\/diariodebordo.net\\\/\"},{\"@type\":\"ListItem\",\"position\":2,\"name\":\"Como retomar o protagonismo da pr\u00f3pria trajet\u00f3ria: 5 dicas de brasileiras que voltaram a estudar ap\u00f3s anos Para enc\"}]},{\"@type\":\"WebSite\",\"@id\":\"http:\\\/\\\/diariodebordo.net\\\/#website\",\"url\":\"http:\\\/\\\/diariodebordo.net\\\/\",\"name\":\"Experi\u00eancias que conectam marcas, pessoas e momentos\",\"description\":\"M\u00eddia, eventos e conte\u00fado em uma plataforma que gera presen\u00e7a, relev\u00e2ncia e movimento.\",\"publisher\":{\"@id\":\"http:\\\/\\\/diariodebordo.net\\\/#organization\"},\"potentialAction\":[{\"@type\":\"SearchAction\",\"target\":{\"@type\":\"EntryPoint\",\"urlTemplate\":\"http:\\\/\\\/diariodebordo.net\\\/?s={search_term_string}\"},\"query-input\":{\"@type\":\"PropertyValueSpecification\",\"valueRequired\":true,\"valueName\":\"search_term_string\"}}],\"inLanguage\":\"pt-BR\"},{\"@type\":\"Organization\",\"@id\":\"http:\\\/\\\/diariodebordo.net\\\/#organization\",\"name\":\"Experi\u00eancias que conectam marcas, pessoas e momentos\",\"url\":\"http:\\\/\\\/diariodebordo.net\\\/\",\"logo\":{\"@type\":\"ImageObject\",\"inLanguage\":\"pt-BR\",\"@id\":\"http:\\\/\\\/diariodebordo.net\\\/#\\\/schema\\\/logo\\\/image\\\/\",\"url\":\"https:\\\/\\\/www.diariodebordo.net\\\/wp-content\\\/uploads\\\/2026\\\/04\\\/cropped-cropped-20260419_052322_0001-2.png\",\"contentUrl\":\"https:\\\/\\\/www.diariodebordo.net\\\/wp-content\\\/uploads\\\/2026\\\/04\\\/cropped-cropped-20260419_052322_0001-2.png\",\"width\":512,\"height\":214,\"caption\":\"Experi\u00eancias que conectam marcas, pessoas e momentos \"},\"image\":{\"@id\":\"http:\\\/\\\/diariodebordo.net\\\/#\\\/schema\\\/logo\\\/image\\\/\"}},{\"@type\":\"Person\",\"@id\":\"http:\\\/\\\/diariodebordo.net\\\/#\\\/schema\\\/person\\\/2983b623551b91c75a103029fb634a78\",\"name\":\"Thiago Soares\",\"image\":{\"@type\":\"ImageObject\",\"inLanguage\":\"pt-BR\",\"@id\":\"https:\\\/\\\/diariodebordo.net\\\/wp-content\\\/uploads\\\/2022\\\/09\\\/cropped-image9-96x96.jpg\",\"url\":\"https:\\\/\\\/diariodebordo.net\\\/wp-content\\\/uploads\\\/2022\\\/09\\\/cropped-image9-96x96.jpg\",\"contentUrl\":\"https:\\\/\\\/diariodebordo.net\\\/wp-content\\\/uploads\\\/2022\\\/09\\\/cropped-image9-96x96.jpg\",\"caption\":\"Thiago Soares\"},\"url\":\"https:\\\/\\\/www.diariodebordo.net\\\/?author=13\"}]}<\/script>\n<!-- \/ Yoast SEO plugin. -->","yoast_head_json":{"title":"Como retomar o protagonismo da pr\u00f3pria trajet\u00f3ria: 5 dicas de brasileiras que voltaram a estudar ap\u00f3s anos Para enc - Experi\u00eancias que conectam marcas, pessoas e momentos","robots":{"index":"index","follow":"follow","max-snippet":"max-snippet:-1","max-image-preview":"max-image-preview:large","max-video-preview":"max-video-preview:-1"},"canonical":"http:\/\/diariodebordo.net\/?p=34604","og_locale":"pt_BR","og_type":"article","og_title":"Como retomar o protagonismo da pr\u00f3pria trajet\u00f3ria: 5 dicas de brasileiras que voltaram a estudar ap\u00f3s anos Para enc - Experi\u00eancias que conectam marcas, pessoas e momentos","og_description":"Para encorajar outras mulheres neste Dia da Mulher, alunas que venceram o medo e a rotina compartilham o que aprenderam na pr\u00e1tica sobre o retorno \u00e0 faculdade As mulheres representam 59,1% das matr\u00edculas no ensino superior brasileiro, segundo o Censo da Educa\u00e7\u00e3o Superior mais recente do Instituto Nacional de Estudos e Pesquisas Educacionais An\u00edsio Teixeira","og_url":"http:\/\/diariodebordo.net\/?p=34604","og_site_name":"Experi\u00eancias que conectam marcas, pessoas e momentos","article_published_time":"2026-03-08T00:42:44+00:00","og_image":[{"width":1365,"height":2048,"url":"http:\/\/diariodebordo.net\/wp-content\/uploads\/2026\/03\/Copia-de-DSC04034.jpg","type":"image\/jpeg"}],"author":"Thiago Soares","twitter_card":"summary_large_image","twitter_misc":{"Escrito por":"Thiago Soares","Est. tempo de leitura":"8 minutos"},"schema":{"@context":"https:\/\/schema.org","@graph":[{"@type":"Article","@id":"http:\/\/diariodebordo.net\/?p=34604#article","isPartOf":{"@id":"http:\/\/diariodebordo.net\/?p=34604"},"author":{"name":"Thiago Soares","@id":"http:\/\/diariodebordo.net\/#\/schema\/person\/2983b623551b91c75a103029fb634a78"},"headline":"Como retomar o protagonismo da pr\u00f3pria trajet\u00f3ria: 5 dicas de brasileiras que voltaram a estudar ap\u00f3s anos Para enc","datePublished":"2026-03-08T00:42:44+00:00","mainEntityOfPage":{"@id":"http:\/\/diariodebordo.net\/?p=34604"},"wordCount":1525,"commentCount":0,"publisher":{"@id":"http:\/\/diariodebordo.net\/#organization"},"image":{"@id":"http:\/\/diariodebordo.net\/?p=34604#primaryimage"},"thumbnailUrl":"https:\/\/www.diariodebordo.net\/wp-content\/uploads\/2026\/03\/Copia-de-DSC04034.jpg","articleSection":["Dia-a-Dia"],"inLanguage":"pt-BR","potentialAction":[{"@type":"CommentAction","name":"Comment","target":["http:\/\/diariodebordo.net\/?p=34604#respond"]}]},{"@type":"WebPage","@id":"http:\/\/diariodebordo.net\/?p=34604","url":"http:\/\/diariodebordo.net\/?p=34604","name":"Como retomar o protagonismo da pr\u00f3pria trajet\u00f3ria: 5 dicas de brasileiras que voltaram a estudar ap\u00f3s anos Para enc - Experi\u00eancias que conectam marcas, pessoas e momentos","isPartOf":{"@id":"http:\/\/diariodebordo.net\/#website"},"primaryImageOfPage":{"@id":"http:\/\/diariodebordo.net\/?p=34604#primaryimage"},"image":{"@id":"http:\/\/diariodebordo.net\/?p=34604#primaryimage"},"thumbnailUrl":"https:\/\/www.diariodebordo.net\/wp-content\/uploads\/2026\/03\/Copia-de-DSC04034.jpg","datePublished":"2026-03-08T00:42:44+00:00","breadcrumb":{"@id":"http:\/\/diariodebordo.net\/?p=34604#breadcrumb"},"inLanguage":"pt-BR","potentialAction":[{"@type":"ReadAction","target":["http:\/\/diariodebordo.net\/?p=34604"]}]},{"@type":"ImageObject","inLanguage":"pt-BR","@id":"http:\/\/diariodebordo.net\/?p=34604#primaryimage","url":"https:\/\/www.diariodebordo.net\/wp-content\/uploads\/2026\/03\/Copia-de-DSC04034.jpg","contentUrl":"https:\/\/www.diariodebordo.net\/wp-content\/uploads\/2026\/03\/Copia-de-DSC04034.jpg","width":1365,"height":2048},{"@type":"BreadcrumbList","@id":"http:\/\/diariodebordo.net\/?p=34604#breadcrumb","itemListElement":[{"@type":"ListItem","position":1,"name":"In\u00edcio","item":"http:\/\/diariodebordo.net\/"},{"@type":"ListItem","position":2,"name":"Como retomar o protagonismo da pr\u00f3pria trajet\u00f3ria: 5 dicas de brasileiras que voltaram a estudar ap\u00f3s anos Para enc"}]},{"@type":"WebSite","@id":"http:\/\/diariodebordo.net\/#website","url":"http:\/\/diariodebordo.net\/","name":"Experi\u00eancias que conectam marcas, pessoas e momentos","description":"M\u00eddia, eventos e conte\u00fado em uma plataforma que gera presen\u00e7a, relev\u00e2ncia e movimento.","publisher":{"@id":"http:\/\/diariodebordo.net\/#organization"},"potentialAction":[{"@type":"SearchAction","target":{"@type":"EntryPoint","urlTemplate":"http:\/\/diariodebordo.net\/?s={search_term_string}"},"query-input":{"@type":"PropertyValueSpecification","valueRequired":true,"valueName":"search_term_string"}}],"inLanguage":"pt-BR"},{"@type":"Organization","@id":"http:\/\/diariodebordo.net\/#organization","name":"Experi\u00eancias que conectam marcas, pessoas e momentos","url":"http:\/\/diariodebordo.net\/","logo":{"@type":"ImageObject","inLanguage":"pt-BR","@id":"http:\/\/diariodebordo.net\/#\/schema\/logo\/image\/","url":"https:\/\/www.diariodebordo.net\/wp-content\/uploads\/2026\/04\/cropped-cropped-20260419_052322_0001-2.png","contentUrl":"https:\/\/www.diariodebordo.net\/wp-content\/uploads\/2026\/04\/cropped-cropped-20260419_052322_0001-2.png","width":512,"height":214,"caption":"Experi\u00eancias que conectam marcas, pessoas e momentos "},"image":{"@id":"http:\/\/diariodebordo.net\/#\/schema\/logo\/image\/"}},{"@type":"Person","@id":"http:\/\/diariodebordo.net\/#\/schema\/person\/2983b623551b91c75a103029fb634a78","name":"Thiago Soares","image":{"@type":"ImageObject","inLanguage":"pt-BR","@id":"https:\/\/diariodebordo.net\/wp-content\/uploads\/2022\/09\/cropped-image9-96x96.jpg","url":"https:\/\/diariodebordo.net\/wp-content\/uploads\/2022\/09\/cropped-image9-96x96.jpg","contentUrl":"https:\/\/diariodebordo.net\/wp-content\/uploads\/2022\/09\/cropped-image9-96x96.jpg","caption":"Thiago Soares"},"url":"https:\/\/www.diariodebordo.net\/?author=13"}]}},"_links":{"self":[{"href":"https:\/\/www.diariodebordo.net\/index.php?rest_route=\/wp\/v2\/posts\/34604","targetHints":{"allow":["GET"]}}],"collection":[{"href":"https:\/\/www.diariodebordo.net\/index.php?rest_route=\/wp\/v2\/posts"}],"about":[{"href":"https:\/\/www.diariodebordo.net\/index.php?rest_route=\/wp\/v2\/types\/post"}],"author":[{"embeddable":true,"href":"https:\/\/www.diariodebordo.net\/index.php?rest_route=\/wp\/v2\/users\/13"}],"replies":[{"embeddable":true,"href":"https:\/\/www.diariodebordo.net\/index.php?rest_route=%2Fwp%2Fv2%2Fcomments&post=34604"}],"version-history":[{"count":1,"href":"https:\/\/www.diariodebordo.net\/index.php?rest_route=\/wp\/v2\/posts\/34604\/revisions"}],"predecessor-version":[{"id":34611,"href":"https:\/\/www.diariodebordo.net\/index.php?rest_route=\/wp\/v2\/posts\/34604\/revisions\/34611"}],"wp:featuredmedia":[{"embeddable":true,"href":"https:\/\/www.diariodebordo.net\/index.php?rest_route=\/wp\/v2\/media\/34608"}],"wp:attachment":[{"href":"https:\/\/www.diariodebordo.net\/index.php?rest_route=%2Fwp%2Fv2%2Fmedia&parent=34604"}],"wp:term":[{"taxonomy":"category","embeddable":true,"href":"https:\/\/www.diariodebordo.net\/index.php?rest_route=%2Fwp%2Fv2%2Fcategories&post=34604"},{"taxonomy":"post_tag","embeddable":true,"href":"https:\/\/www.diariodebordo.net\/index.php?rest_route=%2Fwp%2Fv2%2Ftags&post=34604"}],"curies":[{"name":"wp","href":"https:\/\/api.w.org\/{rel}","templated":true}]}}